{"id":2455,"date":"2024-09-17T10:40:27","date_gmt":"2024-09-17T15:40:27","guid":{"rendered":"https:\/\/reformacolombia.org\/?p=2455"},"modified":"2025-04-15T10:44:26","modified_gmt":"2025-04-15T15:44:26","slug":"el-sellamiento-de-los-144-000-2","status":"publish","type":"post","link":"https:\/\/reformacolombia.org\/es\/el-sellamiento-de-los-144-000-2\/","title":{"rendered":"El Sellamiento de los 144.000"},"content":{"rendered":"\n<figure class=\"wp-block-embed is-type-video is-provider-youtube wp-block-embed-youtube wp-embed-aspect-16-9 wp-has-aspect-ratio\"><div class=\"wp-block-embed__wrapper\">\n<iframe title=\"Principios DE FE - Tema 16: &quot;EL SELLAMIENTO&quot;. Orador: Joffre Castro. VIDEO 17\/32 HD\" width=\"500\" height=\"281\" src=\"https:\/\/www.youtube.com\/embed\/0_RdmW_LMqY?feature=oembed\" frameborder=\"0\" allow=\"accelerometer; autoplay; clipboard-write; encrypted-media; gyroscope; picture-in-picture; web-share\" referrerpolicy=\"strict-origin-when-cross-origin\" allowfullscreen><\/iframe>\n<\/div><\/figure>\n\n\n\n<p class=\"wp-block-paragraph\"><\/p>\n\n\n\n<p class=\"wp-block-paragraph\"><strong>Los principios de fe dicen as\u00ed:<\/strong><\/p>\n\n\n\n<p class=\"wp-block-paragraph\">Creemos que el sellamiento significa la restauraci\u00f3n del car\u00e1cter de Dios por medio de evangelio de Cristo, teniendo por fundamento las exigencias de su Santa Ley en un grupo de 144000 en el tiempo final.&nbsp;<\/p>\n\n\n\n<p class=\"wp-block-paragraph\">La se\u00f1al o sello exterior de cada verdadero combatiente de Dios es el S\u00e1bado. Por \u00e9l siempre fue probada la fiel obediencia de todos los creyentes. (Ezequiel 20:20).<\/p>\n\n\n\n<p class=\"wp-block-paragraph\">La obra del sellamiento de los 144000 ha comenzado con la anunciaci\u00f3n del tercer mensaje ang\u00e9lico, que exige plena obediencia para los mandamientos de Dios&nbsp; con la observancia del s\u00e1bado antes de la segunda venida de Cristo. De todos los pueblos se juntaran en uno solo que adore el Rey Celestial por una obediencia fiel y que este libre de todos los lazos humanos. (Apoc. 14:6-12)<\/p>\n\n\n\n<p class=\"wp-block-paragraph\">Creemos&nbsp; que el sellamiento durara hasta la conclusi\u00f3n del tiempo de gracia. El n\u00famero de todos los se\u00f1alados ser\u00e1 entonces 144000. Este Israel espiritual (vencedores) es escogido maravillosamente de todos los pueblos, generaciones y lenguas. (Apoc. 7:2-8; 14:1-5; 15:1-5; Cs 695, 703,707).<\/p>\n\n\n\n<p class=\"wp-block-paragraph\">Todos los vencedores, tambi\u00e9n aquellos que han muerto durante el anuncio del triple mensaje ang\u00e9lico como \u201cse\u00f1alados\u201d, lo que quiere decir, todos los vencedores que guardaron el s\u00e1bado despu\u00e9s de las 2300 tardes y ma\u00f1anas trascurridas desde el a\u00f1o 1844, cuentan en el grupo de los 144000.<\/p>\n\n\n\n<p class=\"wp-block-paragraph\">Por medio de una resurrecci\u00f3n parcial, que tendr\u00e1 lugar en el tiempo de las plagas, antes de la venida de Cristo, los se\u00f1alados muertos ser\u00e1n unidos con los se\u00f1alados vivos y ser\u00e1n, despu\u00e9s de haber escuchado el pacto de paz, transformados como primicias de salvaci\u00f3n, y ser\u00e1n levantados&nbsp; por Cristo, juntos con la gran multitud de redimidos. Dan. 12:2; IITS. 235-238; Cs 693-710 \u201cel triunfo de la justicia\u201d.<\/p>\n\n\n\n<p class=\"wp-block-paragraph\"><strong>El sellamiento de los 144.000:<\/strong><\/p>\n\n\n\n<p class=\"wp-block-paragraph\"><strong>Apocalipsis 7:1-8<\/strong> \u201cDespu\u00e9s de esto vi a cuatro \u00e1ngeles de pie en los cuatro \u00e1ngulos de la tierra, que deten\u00edan los cuatro vientos de la tierra, para que no soplase viento alguno sobre la tierra, ni sobre el mar, ni sobre ning\u00fan \u00e1rbol. Entonces vi a otro \u00e1ngel que sub\u00eda del este, y ten\u00eda el sello del Dios vivo.&nbsp; Clam\u00f3 a gran voz a los cuatro \u00e1ngeles, que hab\u00edan recibido poder de da\u00f1ar la tierra y el mar,&nbsp; y les dijo: &#8220;No da\u00f1\u00e9is la tierra, ni el mar, ni los \u00e1rboles, hasta que sellemos en sus frentes a los siervos de nuestro Dios&#8221; Y o\u00ed el n\u00famero de los sellados: 144.000 sellados de todas las tribus de Israel.&nbsp; De la tribu de Jud\u00e1 12.000 sellados, de la tribu de Rub\u00e9n 12.000, 12.000 de la tribu de Gad, de la tribu de Aser 12,000, de la tribu de Neftal\u00ed 12,000, 12,000 de la tribu de Manas\u00e9s, de la tribu de Sime\u00f3n 12,000, de la tribu de Lev\u00ed 12,000, de la tribu de Isacar 12,000,&nbsp; de la tribu de Zabul\u00f3n 12,000, de la tribu de Jos\u00e9 12,000, de la tribu de Benjam\u00edn 12,000 sellados\u201d<\/p>\n\n\n\n<p class=\"wp-block-paragraph\"><strong>El tiempo del sellamiento:<\/strong><\/p>\n\n\n\n<p class=\"wp-block-paragraph\">Para comprender el tiempo del sellamiento debemos estudiar un poco el capitulo 6 de Apocalipsis donde se muestran los sucesos del sexto sello; pero el s\u00e9ptimo sello no se menciona hasta el cap\u00edtulo 8; por lo tanto todo el cap\u00edtulo 7 de Apocalipsis&nbsp; se dedica a un par\u00e9ntesis para presentar detalles adicionales al sexto sello. Estos detalles adicionales se realizan entre&nbsp; las se\u00f1ales mencionadas&nbsp; entre los versos 13 y 14 de Apocalipsis 6.<\/p>\n\n\n\n<p class=\"wp-block-paragraph\"><strong>Apocalipsis 6:12-17<\/strong> \u201cMir\u00e9 cuando \u00e9l abri\u00f3 el sexto sello. Se produjo un gran terremoto, el sol se ennegreci\u00f3 como un saco de cilicio, la luna se volvi\u00f3 toda como sangre, y las estrellas del cielo cayeron sobre la tierra, como la higuera echa sus higos cuando es sacudida por un fuerte viento. <strong>(sellamiento de los 144.000)<\/strong> &nbsp; El cielo se retir\u00f3 como un pergamino que se enrolla, y todo monte y toda isla fueron removidos de su lugar. Entonces los reyes de la tierra, los grandes y los ricos, los capitanes y los poderosos, y todo siervo y todo libre, se escondieron en las cuevas y entre las pe\u00f1as de los montes. Y dec\u00edan a los montes y a las pe\u00f1as: &#8220;Caed sobre nosotros, y escondednos de la vista de Aquel que est\u00e1 sentado sobre el trono, y de la ira del Cordero.\u00a1&#8221;Porque ha llegado el gran d\u00eda de su ira, \u00bfy qui\u00e9n podr\u00e1 quedar en pie?&#8221;&nbsp;&nbsp;<\/p>\n\n\n\n<p class=\"wp-block-paragraph\"><strong>Mateo 24:29-31<\/strong> \u201c&#8221;En seguida, despu\u00e9s de la tribulaci\u00f3n de aquellos d\u00edas, el sol se oscurecer\u00e1, la luna no dar\u00e1 su resplandor, las estrellas caer\u00e1n del cielo, y los poderes de los cielos ser\u00e1n sacudidos. &#8220;Y entonces aparecer\u00e1 en el cielo la se\u00f1al del Hijo del Hombre, y todas las naciones de la tierra se lamentar\u00e1n; y ver\u00e1n al Hijo del Hombre que viene sobre las nubes del cielo, con gran poder y grande majestad.&#8221;Y enviar\u00e1 a sus \u00e1ngeles con gran voz de trompeta, y juntar\u00e1n a sus elegidos de los cuatro vientos, desde un extremo del cielo hasta el otro.\u201d<\/p>\n\n\n\n<ul class=\"wp-block-list\">\n<li>El terremoto de Lisboa: 1 de Noviembre de 1755.<\/li>\n\n\n\n<li>El Oscurecimiento del sol y la luna como sangre: 19 de Mayo de 1780<\/li>\n\n\n\n<li>La ca\u00edda de las estrellas( Meteoritos o Estrellas fugases) : 13 de Noviembre de 1833\u00a0<\/li>\n<\/ul>\n\n\n\n<p class=\"wp-block-paragraph\">Entonces la obra del sellamiento ha de realizarse despu\u00e9s de estos acontecimientos antes mencionados y antes de la aparici\u00f3n de Cristo en las nubes de los cielos.<\/p>\n\n\n\n<p class=\"wp-block-paragraph\"><strong>\u00bfCu\u00e1ndo comenz\u00f3 el sellamiento?<\/strong><\/p>\n\n\n\n<p class=\"wp-block-paragraph\"><strong>Apocalipsis 3:7-8<\/strong> \u201cEscribe al \u00e1ngel de la iglesia de Filadelfia: &#8220;Esto dice el Santo, el Verdadero, el que tiene la llave de David, el que abre y ninguno cierra, y cierra y ninguno abre: &#8220;Conozco tus obras.&nbsp; He abierto ante ti una puerta que nadie puede cerrar; porque aunque tienes poca fuerza, has guardado mi Palabra, y no has negado mi Nombre.\u201d<\/p>\n\n\n\n<p class=\"wp-block-paragraph\">\u201cVi que la prueba actual acerca del s\u00e1bado no pod\u00eda producirse antes que terminase la mediaci\u00f3n de Cristo en el lugar santo y \u00e9l hubiese pasado al interior del segundo velo.&nbsp; Por lo tanto, los cristianos que durmieron antes que se abriese la puerta de acceso al sant\u00edsimo cuando termin\u00f3 el clamor de&nbsp; medianoche, el s\u00e9ptimo mes, en 1844, sin haber guardado el verdadero d\u00eda de reposo, descansan ahora en esperanza; porque no tuvieron la luz ni la prueba acerca del s\u00e1bado que tenemos ahora desde que la puerta se abri\u00f3.\u201d <strong>P.E. 42\/3; 43\/0pp<\/strong><\/p>\n\n\n\n<p class=\"wp-block-paragraph\">\u201cVi que Jes\u00fas hab\u00eda cerrado la puerta del lugar santo, y nadie pod\u00eda abrirla; y que hab\u00eda abierto la puerta que da acceso al lugar sant\u00edsimo, y nadie puede cerrarla. (Apoc 3: 7, 8) 1; y que desde que Jes\u00fas abri\u00f3 la puerta que da al lugar sant\u00edsimo, que contiene el arca, los mandamientos han estado brillando hacia los hijos de Dios, y \u00e9stos son probados acerca de la cuesti\u00f3n del s\u00e1bado.\u201d <strong>P.E. 42\/2<\/strong><\/p>\n\n\n\n<p class=\"wp-block-paragraph\"><strong>El sello del Dios Vivo:<\/strong><\/p>\n\n\n\n<p class=\"wp-block-paragraph\"><strong>\u00c9xodo 20:8-11<\/strong> \u201cAcu\u00e9rdate del d\u00eda s\u00e1bado para santificarlo. &#8220;Seis d\u00edas trabajar\u00e1s y har\u00e1s toda tu obra. &#8220;Pero el s\u00e1bado es el d\u00eda de reposo del Se\u00f1or tu Dios. No hagas ning\u00fan trabajo en \u00e9l; ni t\u00fa, ni tu hijo, ni tu hija, ni tu siervo, ni tu criada, ni tu bestia, ni tu extranjero que est\u00e1 dentro de tus puertas. &#8220;Porque en seis d\u00edas el Eterno hizo el cielo, la tierra y el mar, y todo lo que contienen, y repos\u00f3 en el s\u00e9ptimo d\u00eda. Por eso, el Se\u00f1or bendijo el s\u00e1bado y lo declar\u00f3 santo.\u201d<\/p>\n\n\n\n<p class=\"wp-block-paragraph\"><strong>Ezequiel 20:12,20<\/strong> \u201c&#8221;Les di tambi\u00e9n mis s\u00e1bados, para que fuesen una se\u00f1al entre m\u00ed y ellos, para que supiesen que Yo Soy el Eterno que los santifico\u2026..&#8221;Santificad mis s\u00e1bados, y sean una se\u00f1al entre m\u00ed y vosotros, para que sep\u00e1is que yo, el Eterno, soy vuestro Dios.\u201d<\/p>\n\n\n\n<p class=\"wp-block-paragraph\">\u201cLos enemigos de la ley de Dios, desde los ministros hasta el m\u00e1s insignificante entre ellos, adquieren un nuevo concepto de lo que es la verdad y el deber. Reconocen demasiado tarde que el d\u00eda de reposo del cuarto mandamiento es el sello del Dios vivo. Ven demasiado tarde la verdadera naturaleza de su falso d\u00eda de reposo y el fundamento arenoso sobre el cual construyeron. Se dan cuenta de que han estado luchando contra Dios.\u201d <strong>C.S. 698\/1pp<\/strong><\/p>\n\n\n\n<p class=\"wp-block-paragraph\">\u201cAqu\u00ed no se presenta el s\u00e1bado como una instituci\u00f3n nueva, sino como establecido en el tiempo de la creaci\u00f3n del mundo.&nbsp; Hay que recordar y observar el s\u00e1bado como monumento de la obra del Creador.&nbsp; Al se\u00f1alar a Dios como el Hacedor de los cielos y de la tierra, el s\u00e1bado distingue al verdadero Dios de todos los falsos dioses.&nbsp; Todos los que guardan el s\u00e9ptimo d\u00eda demuestran al hacerlo que son adoradores de Jehov\u00e1.&nbsp; As\u00ed el s\u00e1bado ser\u00e1 la se\u00f1al de lealtad del hombre hacia Dios mientras haya en la tierra quien le sirva.<\/p>\n\n\n\n<p class=\"wp-block-paragraph\">El cuarto mandamiento es, entre todos los diez, el \u00fanico que contiene tanto el nombre como el t\u00edtulo del Legislador.&nbsp; Es el \u00fanico que establece por autoridad de qui\u00e9n se dio la ley.&nbsp; As\u00ed, contiene el sello de Dios, puesto en su ley como prueba de su autenticidad y de su vigencia.\u201d <strong>P.P. 315\/1-2&nbsp;<\/strong><\/p>\n\n\n\n<p class=\"wp-block-paragraph\">\u201cAs\u00ed como el s\u00e1bado fue la se\u00f1al que distingu\u00eda a Israel cuando sali\u00f3 de Egipto para entrar en la Cana\u00e1n terrenal, as\u00ed tambi\u00e9n es la se\u00f1al que ahora distingue al pueblo de Dios cuando sale del mundo para entrar en el reposo celestial.\u201d <strong>Maranata 242\/1<\/strong><\/p>\n\n\n\n<p class=\"wp-block-paragraph\">\u201cLos israelitas colocaron sobre sus puertas una se\u00f1al de sangre para indicar que eran propiedad de Dios.&nbsp; As\u00ed tambi\u00e9n los hijos le Dios de este tiempo de llevar la se\u00f1al que Dios ha especificado.<\/p>\n\n\n\n<p class=\"wp-block-paragraph\">Se pondr\u00e1n en&nbsp; armon\u00eda con la santa ley de Dios. Sobre cada justo del pueblo de Dios se coloca una marca tan ciertamente como en tiempos pasados se puso una se\u00f1al sobre las puertas de los hogares hebreos para preservar al pueblo de la ruina general. Dios declara: &#8220;Les d\u00ed tambi\u00e9n mis s\u00e1bados, que fuesen por se\u00f1al entre m\u00ed y ellos, para que supiesen que yo soy Jehov\u00e1 que los santifico&#8221;. <strong>Maranata 244\/1-2<\/strong><\/p>\n\n\n\n<p class=\"wp-block-paragraph\">\u201cHabr\u00e1 una marca colocada sobre el pueblo de Dios, y esa marca es la observancia de su santo d\u00eda de reposo (HS 217).\u201d&nbsp; <strong>C.B. Helena de White Pag. 992<\/strong><\/p>\n\n\n\n<p class=\"wp-block-paragraph\">\u201cLa se\u00f1al de obediencia es la observancia del s\u00e1bado del cuarto mandamiento.&nbsp; Si los hombres guardan el cuarto mandamiento, guardar\u00e1n todo el resto.\u201d <strong>T.M. 134\/2pp<\/strong><\/p>\n\n\n\n<p class=\"wp-block-paragraph\"><strong>\u00bfPor quienes es impreso el sello del Dios vivo?:<\/strong><\/p>\n\n\n\n<p class=\"wp-block-paragraph\"><strong>Apocalipsis 7: 2-3<\/strong> \u201cEntonces vi a otro \u00e1ngel que sub\u00eda del este, y ten\u00eda el sello del Dios vivo.&nbsp; Clam\u00f3 a gran voz a los cuatro \u00e1ngeles, que hab\u00edan recibido poder de da\u00f1ar la tierra y el mar,&nbsp; y les dijo: &#8220;No da\u00f1\u00e9is la tierra, ni el mar, ni los \u00e1rboles, hasta que sellemos en sus frentes a los siervos de nuestro Dios&#8221;.<\/p>\n\n\n\n<p class=\"wp-block-paragraph\">\u201cVi luego el tercer \u00e1ngel.&nbsp; Dijo mi \u00e1ngel acompa\u00f1ante: &#8220;Su obra es terrible.&nbsp; Su misi\u00f3n es tremenda.&nbsp; Es el \u00e1ngel que ha de separar el trigo de la ciza\u00f1a, y sellar o atar el trigo para el granero celestial.&nbsp; Estas cosas debieran absorber completamente la mente y la atenci\u00f3n.&#8221;\u201d <strong>P.E. 118\/1&nbsp;<\/strong><\/p>\n\n\n\n<p class=\"wp-block-paragraph\">\u201cMientras Satan\u00e1s estaba insistiendo en sus acusaciones y tratando de destruir esta hueste, <strong>los \u00e1ngeles santos, invisibles, iban de un lado a otro poniendo sobre ellos el sello del Dios viviente.<\/strong>&nbsp; Ellos han de estar sobre el monte de Si\u00f3n con el Cordero, teniendo el nombre del Padre escrito en sus frentes.&nbsp; Cantan el nuevo himno delante del trono, m himno que nadie puede aprender sino los ciento cuarenta y cuatro mil que fueron redimidos de la tierra.&nbsp; &#8220;Estos, los que siguen al Cordero por donde quiera que fuera.&nbsp; Estos fueron comprados de entre los hombres por primicias para Dios, y para el Cordero.&nbsp; Y en sus bocas no ha sido hallado enga\u00f1o; porque ellos son sin m\u00e1cula delante del trono de Dios.&#8221; (Apoc. 14: 4, 5.)\u201d <strong>Joyas 2 Pag. 179\/1sp<\/strong><\/p>\n\n\n\n<p class=\"wp-block-paragraph\"><strong>\u201cVi \u00e1ngeles que iban y ven\u00edan de uno a otro lado del cielo.&nbsp; Un \u00e1ngel con tintero de escribano en la cintura regres\u00f3 de la tierra y comunic\u00f3 a Jes\u00fas que hab\u00eda cumplido su encargo, quedando sellados y numerados los santos<\/strong>.&nbsp; Vi entonces que Jes\u00fas, qui\u00e9n hab\u00eda estado oficiando ante el arca de los diez mandamientos, dej\u00f3 caer el incensario, y alzando las manos exclam\u00f3 en alta voz: &#8220;Consumado es.&#8221; Y toda la hueste ang\u00e9lica se quit\u00f3 sus coronas cuando Jes\u00fas hizo esta solemne declaraci\u00f3n: &#8220;El que es injusto, sea injusto todav\u00eda; y el que es inmundo, sea inmundo todav\u00eda; y el que es justo, practique la justicia todav\u00eda; y el que es santo, santif\u00edquese todav\u00eda.&#8221;\u201d <strong>P.E. 279\/2; 280\/0 \u2013 Maranata&nbsp; 240\/3<\/strong><\/p>\n\n\n\n<p class=\"wp-block-paragraph\">\u201cCuando termine el mensaje del tercer \u00e1ngel la misericordia divina no interceder\u00e1 m\u00e1s por los habitantes culpables de la tierra. El pueblo de Dios habr\u00e1 cumplido su obra; habr\u00e1 recibido &#8220;la lluvia tard\u00eda,&#8221; el &#8220;refrigerio de la presencia del Se\u00f1or,&#8221; y estar\u00e1 preparado para la hora de prueba que le espera. <strong>Los \u00e1ngeles se apuran, van y vienen de ac\u00e1 para all\u00e1 en el cielo. Un \u00e1ngel que regresa de la tierra anuncia que su obra est\u00e1 terminada; el mundo ha sido sometido a la prueba final, y todos los que han resultado fieles a los preceptos divinos han recibido &#8220;el sello del Dios vivo<\/strong>.&#8221; Entonces Jes\u00fas dejar\u00e1 de interceder en el santuario celestial. Levantar\u00e1 sus manos y con gran voz dir\u00e1 &#8220;Hecho es,&#8221; y todas las huestes de los \u00e1ngeles depositar\u00e1n sus coronas mientras \u00e9l anuncia en tono solemne: &#8220;\u00a1El que es injusto, sea injusto a\u00fan; y el que es sucio, sea sucio a\u00fan; y el que es justo, sea justo a\u00fan; y el que es santo, sea a\u00fan santo!&#8221; (Apocalipsis 22: 11, V.M.) Cada caso ha sido fallado para vida o para muerte. Cristo ha hecho propiciaci\u00f3n por su pueblo y borrado sus pecados. El n\u00famero de sus s\u00fabditos est\u00e1 completo; &#8220;el reino, y el se\u00f1or\u00edo y la majestad de los reinos debajo de todo el cielo&#8221; van a ser dados a los herederos de la salvaci\u00f3n y Jes\u00fas va a reinar como Rey de reyes y Se\u00f1or de se\u00f1ores.\u201d <strong>C.S. 671\/1<\/strong>&nbsp;<\/p>\n\n\n\n<p class=\"wp-block-paragraph\"><strong>Un sello invisible para el ojo Humano:<\/strong><\/p>\n\n\n\n<p class=\"wp-block-paragraph\">\u201c\u00bfCu\u00e1l es el sello del Dios vivo que se pone en la frente de sus hijos?&nbsp; Es una marca que pueden ver los \u00e1ngeles y no los ojos humanos, puesto que el \u00e1ngel destructor debe percibir esa se\u00f1al de redenci\u00f3n. La mente inteligente ha visto la se\u00f1al de la cruz del Calvario sobre los hijos e hijas que ha adoptado el Se\u00f1or. El pecado de la transgresi\u00f3n de la ley de Dios es borrado. Est\u00e1n ataviados con el vestido de bodas y son obedientes y fieles a todos los mandamientos de Dios.\u201d&nbsp; <strong>Maranata 241\/5<\/strong><\/p>\n\n\n\n<p class=\"wp-block-paragraph\"><strong>Explicaci\u00f3n de algunas expresiones:<\/strong><\/p>\n\n\n\n<ul class=\"wp-block-list\">\n<li><strong>Cuatro \u00c1ngeles:<\/strong> Literales: Daniel y Apocalipsis\u00a0 Tomo II 109\/1<\/li>\n\n\n\n<li><strong>Cuatro \u00e1ngulos de la tierra:<\/strong> Cuatro direcciones o puntos cardinales = Indica que estos \u00e1ngeles tienen a su cargo, dentro de su esfera, toda la tierra. Daniel y Apocalipsis Tomo II\u00a0 109\/2<\/li>\n\n\n\n<li><strong>Los cuatro vientos:<\/strong> Conmociones pol\u00edticas, luchas y guerras. Daniel y Apocalipsis Tomo II 109\/3<\/li>\n<\/ul>\n\n\n\n<p class=\"wp-block-paragraph\"><strong>Daniel 7:2<\/strong> \u201cDaniel dijo: &#8220;Vi en mi visi\u00f3n de noche que los cuatro vientos del cielo agitaban el gran mar.\u201d<\/p>\n\n\n\n<p class=\"wp-block-paragraph\"><strong>Jerem\u00edas 25:32<\/strong> \u201cAs\u00ed dice el Eterno Todopoderoso: \u201cEl mal ir\u00e1 de naci\u00f3n en naci\u00f3n. Gran tempestad se levantar\u00e1 desde los extremos de la tierra&#8221;.\u201d<\/p>\n\n\n\n<p class=\"wp-block-paragraph\">\u201cLos cuatro vientos siguen retenidos hasta que los siervos de Dios sean sellados en sus frentes.&nbsp; Entonces los poderes de la tierra reunir\u00e1n sus fuerzas para la gran batalla final. \u00a1Con cu\u00e1nto cuidado deber\u00edamos aprovechar, entonces, el corto per\u00edodo que&nbsp; resta de nuestra peregrinaci\u00f3n!\u201d <strong>Maranata 241\/2<\/strong>&nbsp;<\/p>\n\n\n\n<p class=\"wp-block-paragraph\">Precisamente antes de que entr\u00e1ramos en \u00e9l [El tiempo de angustia], Todos recibimos el sello del Dios viviente. Entonces vi que los cuatro \u00e1ngeles dejaron de retener los cuatro vientos. Y vi hambre, pestilencia y espada, naci\u00f3n se levant\u00f3 contra naci\u00f3n, y el mundo entero entero entr\u00f3 en confusi\u00f3n\u201d <strong>Maranata 241\/4<\/strong><\/p>\n\n\n\n<p class=\"wp-block-paragraph\">Todo el mundo est\u00e1 trastornado. Las naciones est\u00e1n airadas y se est\u00e1n haciendo grandes preparativos para la guerra. Una naci\u00f3n esta conspirando contra otra y un reino contra otro. Se apresura grandemente el gran d\u00eda de Dios. Pero aunque las naciones est\u00e9n reuniendo sus fuerzas&nbsp; para la guerra&nbsp; y el derramamiento de sangre, a\u00fan sigue en vigencia la orden dad a los \u00e1ngeles: que retengan los cuatro vientos hasta que los siervos de Dios sean sellados.\u201d&nbsp; <strong>C.B.Adventista del S\u00e9ptimo D\u00eda Tomo 7 &#8211; Helena de White Pag 979<\/strong><\/p>\n\n\n\n<ul class=\"wp-block-list\">\n<li><strong>Otro \u00e1ngel que sub\u00eda de donde nace el sol:<\/strong><strong> <\/strong>Literal<\/li>\n<\/ul>\n\n\n\n<p class=\"wp-block-paragraph\"><strong>Apocalipsis 7:2<\/strong> \u201cEntonces vi a otro \u00e1ngel que sub\u00eda del este, y ten\u00eda el sello del Dios vivo.\u201d<\/p>\n\n\n\n<p class=\"wp-block-paragraph\"><strong>Ezequiel 9:2-4<\/strong>&nbsp; \u201cY vi seis hombres que ven\u00edan por la puerta superior del norte. Cada uno tra\u00eda en su mano su instrumento para destruir. Entre ellos hab\u00eda un var\u00f3n vestido de lino, que tra\u00eda en su cintura una cartera de escribano\u2026 El Se\u00f1or llam\u00f3 al var\u00f3n vestido de lino, que ten\u00eda la cartera de escribano, y le dijo: &#8220;Pasa por la ciudad, por en medio de Jerusal\u00e9n, y pon una se\u00f1al en la frente de los hombres que gimen y claman a causa de todas las abominaciones que se cometen en ella&#8221;.<\/p>\n\n\n\n<ul class=\"wp-block-list\">\n<li><strong>Los 144.000 como vencedores:<\/strong><\/li>\n<\/ul>\n\n\n\n<p class=\"wp-block-paragraph\"><strong>Apocalipsis 7:13-17<\/strong> \u201cEntonces uno de los ancianos me pregunt\u00f3: &#8220;Estos que est\u00e1n vestidos de ropa blanca, \u00bfqui\u00e9nes son, y de d\u00f3nde han venido?&#8221; Yo respond\u00ed: &#8220;Se\u00f1or, t\u00fa lo sabes&#8221;.&nbsp; Y \u00e9l me dijo: &#8220;Estos son los que han venido de la gran tribulaci\u00f3n.&nbsp; Han lavado su ropa, y la han emblanquecido en la sangre del Cordero. &#8220;Por eso est\u00e1n ante el trono de Dios, y le sirven d\u00eda y noche en su Santuario.&nbsp; Y el que est\u00e1 sentado en el trono tender\u00e1 su pabell\u00f3n sobre ellos. &#8220;Nunca m\u00e1s tendr\u00e1n hambre ni sed.&nbsp; El sol no los molestar\u00e1 m\u00e1s, ni ning\u00fan otro calor. &#8220;Porque el Cordero que est\u00e1 en medio del trono los apacentar\u00e1 y los guiar\u00e1 a fuentes de agua viva.&nbsp; Y Dios enjugar\u00e1 toda l\u00e1grima de los ojos de ellos&#8221;.\u201d<\/p>\n\n\n\n<p class=\"wp-block-paragraph\"><strong>Venido de Gran Tribulaci\u00f3n:<\/strong><\/p>\n\n\n\n<p class=\"wp-block-paragraph\"><strong>Daniel 12:1<\/strong> \u201c&#8221;En aquel tiempo se levantar\u00e1 Miguel, el gran Pr\u00edncipe que protege a tu pueblo. Y ser\u00e1 tiempo de angustia, cual nunca fue desde que hubo gente hasta entonces. Pero en ese tiempo ser\u00e1 librado tu pueblo, todos los que se hallen escritos en el libro.\u201d<\/p>\n\n\n\n<p class=\"wp-block-paragraph\"><strong>Jerem\u00edas 30:4-7<\/strong> \u201cEstas pues son las palabras que el Se\u00f1or habl\u00f3 acerca de Israel y de Jud\u00e1. As\u00ed dice el Eterno: &#8220;Hemos o\u00eddo voz de temblor y espanto, y no de paz. &#8220;Preguntad ahora, y mirad si el var\u00f3n da a luz. Porque he visto a todo hombre con las manos sobre sus lomos, como mujer que da a luz. Y han palidecido todos los rostros. &#8220;\u00a1Cu\u00e1n grande es aquel d\u00eda! Tanto, que no hay otro semejante. Tiempo de angustia para Jacob, pero de ella ser\u00e1 librado.\u201d<\/p>\n\n\n\n<p class=\"wp-block-paragraph\"><strong>Llevan vestiduras blancas:<\/strong><\/p>\n\n\n\n<p class=\"wp-block-paragraph\"><strong>Apocalipsis 3: 5, 18<\/strong> \u201c&#8221;El que venza, ser\u00e1 vestido de ropa blanca.&nbsp; No borrar\u00e9 su nombre del Libro de la Vida, y confesar\u00e9 su nombre ante mi padre y ante sus \u00e1ngeles\u201d<\/p>\n\n\n\n<p class=\"wp-block-paragraph\"><strong>No tendr\u00e1n m\u00e1s hambre:<\/strong><\/p>\n\n\n\n<p class=\"wp-block-paragraph\"><strong>Pan y Aguas seguros:<\/strong><\/p>\n\n\n\n<p class=\"wp-block-paragraph\"><strong>Isa\u00edas 33:15-16<\/strong> \u201cEl que anda en justicia y habla lo recto, el que reh\u00fasa la ganancia de violencias, el que sacude sus manos para no recibir cohecho, el que tapa su oreja para no o\u00edr propuestas sanguinarias, el que cierra sus ojos para no ver cosa mala; \u00e9ste habitar\u00e1 en las alturas, la fortaleza de las monta\u00f1as ser\u00e1 su refugio; se le dar\u00e1 su pan, y su agua ser\u00e1 segura.\u201d<\/p>\n\n\n\n<p class=\"wp-block-paragraph\"><strong>Pero cuando vengan los juicios sobre la tierra en algo podr\u00e1n ser afectados:<\/strong><\/p>\n\n\n\n<p class=\"wp-block-paragraph\"><strong>Joel 1:18-20<\/strong> \u201c\u00a1Cu\u00e1nto gimen las bestias! \u00a1Cu\u00e1n turbados gimen los hatos de los bueyes, porque no tienen pasto! Tambi\u00e9n fueron asolados los reba\u00f1os de las ovejas. Oh Eterno, a ti clamo, porque el fuego consumi\u00f3 los pastos del desierto, y la llama abras\u00f3 todos los \u00e1rboles del campo. Hasta las bestias del campo braman, porque se sec\u00f3 el agua de los arroyos, y el fuego consumi\u00f3 las praderas.\u201d<\/p>\n\n\n\n<p class=\"wp-block-paragraph\">\u201cHoy las se\u00f1ales de los tiempos declaran que estamos en el umbral de acontecimientos grandes y solemnes. En nuestro mundo, todo est\u00e1 en agitaci\u00f3n. Ante nuestros ojos se cumple la profec\u00eda por la cual el Salvador anunci\u00f3 los acontecimientos que hab\u00edan de preceder su venida: &#8220;Y oir\u00e9is guerras, y rumores de guerras. . . . Se levantar\u00e1 naci\u00f3n contra naci\u00f3n, y reino contra reino; y habr\u00e1 pestilencias, y hambres, y terremotos por los lugares.&#8221; (Mat. 24: 6, 7.).<\/p>\n\n\n\n<p class=\"wp-block-paragraph\">La Biblia, y tan s\u00f3lo la Biblia, presenta una visi\u00f3n correcta de estas cosas. En ella se revelan las grandes escenas finales de la historia de nuestro mundo, acontecimientos que ya se anuncian, y cuya aproximaci\u00f3n hace temblar la tierra y desfallecer de temor los corazones de los hombres. <strong>P.R. 394\/1,3<\/strong><\/p>\n\n\n\n<p class=\"wp-block-paragraph\">\u201c&#8221;\u00a1Ay del d\u00eda! porque cercano est\u00e1 el d\u00eda de Jehov\u00e1, y vendr\u00e1 como destrucci\u00f3n por el Todopoderoso. . . . El grano se pudri\u00f3 debajo de sus terrones, los bastimentos fueron asolados, los alfol\u00edes destru\u00eddos; porque se sec\u00f3 el trigo. \u00a1Cu\u00e1nto gimieron las bestias! \u00a1cu\u00e1n turbados anduvieron los hatos de los bueyes, porque no tuvieron pastos! tambi\u00e9n fueron asolados los reba\u00f1os de las ovejas.&#8221; &#8220;Sec\u00f3se la vid, y pereci\u00f3 la higuera, el granado tambi\u00e9n, la palma, y el manzano; sec\u00e1ronse todos los \u00e1rboles del campo; por lo cual se sec\u00f3 el gozo de los hijos de los hombres.&#8221; (Joel 1: 15-18, 12.)<\/p>\n\n\n\n<p class=\"wp-block-paragraph\">&#8220;Me duelen las telas de mi coraz\u00f3n: . . . no callar\u00e9; porque voz de trompeta has o\u00eddo, oh alma m\u00eda, preg\u00f3n de guerra. Quebrantamiento sobre quebrantamiento es llamado; porque toda la tierra es destru\u00edda.&#8221; (Jer. 4: 19, 20.)<\/p>\n\n\n\n<p class=\"wp-block-paragraph\">&#8220;\u00a1Ah, cu\u00e1n grande es aquel d\u00eda! tanto, que no hay otro semejante a \u00e9l: tiempo de angustia para Jacob; mas de ella ser\u00e1 librado.&#8221; (Jer. 30: 7.)<\/p>\n\n\n\n<p class=\"wp-block-paragraph\">&#8220;Porque t\u00fa has puesto a Jehov\u00e1, que es mi esperanza, al Alt\u00edsimo por tu habitaci\u00f3n, no te sobrevendr\u00e1 mal, ni plaga tocar\u00e1 tu morada.&#8221; (Sal. 91: 9, 10.)<\/p>\n\n\n\n<p class=\"wp-block-paragraph\">&#8220;Hija de Si\u00f3n, . . . te redimir\u00e1 Jehov\u00e1 de la mano de tus enemigos. Ahora empero se han juntado muchas gentes contra ti, y dicen: Sea profanada, y vean nuestros ojos su deseo sobre Si\u00f3n. Mas ellos no conocieron los pensamientos de Jehov\u00e1, ni entendieron su consejo.&#8221; (Miq. 4: 10-12.) Dios no desamparar\u00e1 a su iglesia en la hora de su mayor peligro. Prometi\u00f3 librarla y declar\u00f3: &#8220;Yo hago tornar la cautividad de las tiendas de Jacob, y de sus tiendas tendr\u00e9 misericordia.&#8221;&nbsp; (Jer. 30: 18.)<\/p>\n\n\n\n<p class=\"wp-block-paragraph\">Entonces se habr\u00e1 cumplido el prop\u00f3sito de Dios; los principios de su reino ser\u00e1n honrados por todos los que habiten debajo del sol.\u201d&nbsp; <strong>P.R. 395<\/strong><\/p>\n\n\n\n<p class=\"wp-block-paragraph\">\u201cEl pueblo de Dios no quedar\u00e1 libre de padecimientos; pero aunque perseguido y acongojado y aunque sufra privaciones y falta de alimento, no ser\u00e1 abandonado para perecer. El Dios que cuid\u00f3 de El\u00edas no abandonar\u00e1 a ninguno de sus abnegados hijos. El que cuenta los cabellos de sus cabezas, cuidar\u00e1 de ellos y los atender\u00e1 en tiempos de hambruna. Mientras los malvados est\u00e9n muri\u00e9ndose de hambre y pestilencia, los \u00e1ngeles proteger\u00e1n a los justos y suplir\u00e1n sus necesidades. Escrito est\u00e1 del que &#8220;camina en justicia&#8221; que &#8220;se le dar\u00e1 pan y sus aguas ser\u00e1n ciertas.&#8221; &#8220;Cuando los pobres y los menesterosos buscan agua y no la hay, y la lengua se les seca de sed, yo, Jehov\u00e1, les escuchar\u00e9; yo, el Dios de Israel, no los abandonar\u00e1.&#8221; (Isa\u00edas 33: 16; 41: 17, V.M.)\u201d <strong>C.S. 687\/3<\/strong><\/p>\n\n\n\n<p class=\"wp-block-paragraph\"><strong>El sol no caer\u00e1 m\u00e1s sobre ellos:<\/strong><\/p>\n\n\n\n<p class=\"wp-block-paragraph\">\u201cEn la plaga que sigue, se le da poder al sol para &#8220;quemar a los hombres con fuego. Y los hombres se quemaron con el grande calor.&#8221; (Apocalipsis 14: 8, 9.) Los profetas describen como sigue el estado de la tierra en tan terrible tiempo: &#8220;El campo fue destru\u00eddo, enlut\u00f3se la tierra; . . . porque se perdi\u00f3 la mies del campo.&#8221; &#8220;Sec\u00e1ronse todos los \u00e1rboles del campo; por lo cual se sec\u00f3 el gozo de los hijos de los hombres.&#8221; &#8220;El grano se pudri\u00f3 debajo de sus terrones, los bastimentos fueron asolados.&#8221; &#8220;\u00a1Cu\u00e1nto gimieron las bestias! \u00a1cu\u00e1n turbados anduvieron los hatos de los bueyes, porque no tuvieron pastos! , . . Se secaron los arroyos de las aguas, y fuego consumi\u00f3 las 687 prader\u00edas del desierto.&#8221; (Joel 1: 10, 11, 12, 17, 18, 20.) &#8220;Y los cantores del templo aullar\u00e1n en aquel d\u00eda, dice el Se\u00f1or Jehov\u00e1; muchos ser\u00e1n los cuerpos muertos; en todo lugar echados ser\u00e1n en silencio.&#8221; (Am\u00f3s 8: 3.)\u201d<strong> C.S. 686\/1&nbsp;<\/strong><\/p>\n\n\n\n<p class=\"wp-block-paragraph\"><strong>El cordero los pastorear\u00e1:<\/strong><\/p>\n\n\n\n<p class=\"wp-block-paragraph\"><strong>Salmos 36:8<\/strong> \u201cSer\u00e1n plenamente saciados de la abundancia de tu casa, y t\u00fa les das a beber del torrente de tus delicias.\u201d<\/p>\n\n\n\n<p class=\"wp-block-paragraph\"><strong>Un requisito especial para entrar en el cielo:<\/strong><\/p>\n\n\n\n<p class=\"wp-block-paragraph\">\u201cS\u00f3lo los que reciban el sello del Dios viviente tendr\u00e1n el pasaporte para pasar por los portales de la santa ciudad.&nbsp; Pero hay muchos que desempe\u00f1an responsabilidades dentro de la obra de Dios sin ser sinceros creyentes, y mientras permanezcan as\u00ed no pueden recibir el sello del Dios viviente.&nbsp; Conf\u00edan en su propia justicia, lo cual el Se\u00f1or tiene como&nbsp; necedad (Carta 164, 1909). <strong>C.B. Helena de White Tomo 7 pag 981<\/strong><\/p>\n\n\n\n<p class=\"wp-block-paragraph\"><strong>\u00bfCu\u00e1ntos ser\u00e1n sellados?<\/strong><\/p>\n\n\n\n<p class=\"wp-block-paragraph\"><strong>Apocalipsis 7:4<\/strong> \u201cY o\u00ed el n\u00famero de los sellados: 144.000 sellados de todas las tribus de Israel.\u201d<\/p>\n\n\n\n<p class=\"wp-block-paragraph\">\u201cLos 144,000 santos vivientes reconocieron y entendieron la voz; pero los malvados se figuraron que era fragor de truenos y de terremoto.&nbsp; Cuando Dios se\u00f1al\u00f3 el tiempo, derram\u00f3 sobre nosotros el Esp\u00edritu Santo, y&nbsp; nuestros semblantes se iluminaron refulgentemente con la gloria de Dios, como le sucedi\u00f3 a Mois\u00e9s al bajar del Sina\u00ed.<\/p>\n\n\n\n<p class=\"wp-block-paragraph\">Los&nbsp; 144,000 estaban todos sellados y perfectamente unidos.&nbsp; En su frente llevaban escritas estas palabras: &#8220;Dios, nueva Jerusal\u00e9n,&#8221; y adem\u00e1s una brillante estrella con el nuevo nombre de Jes\u00fas.\u201d <strong>P.E. 15\/0up; 1pp<\/strong><\/p>\n\n\n\n<p class=\"wp-block-paragraph\">\u201cCuando \u00edbamos a entrar en el santo templo, Jes\u00fas alz\u00f3 su melodiosa voz y dijo: &#8220;\u00danicamente los 144,000 entran en este lugar.&#8221; Y exclamamos: &#8220;\u00a1Aleluya!&#8221;<\/p>\n\n\n\n<p class=\"wp-block-paragraph\">Este templo estaba sostenido por siete columnas de oro transparente, con engastes de hermos\u00edsimas perlas.&nbsp; No me es posible describir las maravillas que vi. \u00a1Oh, si yo supiera el idioma de Cana\u00e1n \u00a1Entonces podr\u00eda contar algo de la gloria del mundo mejor!&nbsp; Vi tablas de piedra en que estaban esculpidos en letras de oro los nombres de los 144,000.\u201d <strong>P.E. 19\/0up; 1pp<\/strong>&nbsp;<\/p>\n\n\n\n<p class=\"wp-block-paragraph\">\u201cEsforc\u00e9monos con todo el poder que Dios nos ha dado para hallarnos entre los ciento cuarenta y cuatro mil.&nbsp; \u00danicamente los que reciban el sello del Dios vivo obtendr\u00e1n el salvoconducto para entrar por las puertas de la Santa Ciudad.\u201d <strong>Maranata&nbsp; 239\/5<\/strong><\/p>\n\n\n\n<p class=\"wp-block-paragraph\"><strong>Condiciones para ser sellados:<\/strong><\/p>\n\n\n\n<ul class=\"wp-block-list\">\n<li><strong>Vencer el mundo, la carne y al diablo:<\/strong><\/li>\n<\/ul>\n\n\n\n<p class=\"wp-block-paragraph\"><strong>Romanos 8:7-8,13pp<\/strong> \u201cPorque la inclinaci\u00f3n de la carne es contraria a Dios, y no se sujeta a la Ley de Dios, ni tampoco puede. As\u00ed, los que viven seg\u00fan la carne no pueden agradar a Dios\u2026Porque si viv\u00eds conforme a la carne, morir\u00e9is.\u201d<\/p>\n\n\n\n<p class=\"wp-block-paragraph\"><strong>G\u00e1latas 5:19-21<\/strong> \u201cManifiestas son las obras de la carne, que son: adulterio, fornicaci\u00f3n, inmundicia, lascivia, idolatr\u00eda, hechicer\u00edas, enemistades, pleitos, celos, explosiones de ira, contiendas, divisiones, sectarismos, envidias, homicidios, borracheras, org\u00edas y cosas semejantes. Os advierto, como ya os previne, que los que practican tales cosas no heredar\u00e1n el reino de Dios.\u201d<\/p>\n\n\n\n<p class=\"wp-block-paragraph\">\u201cLos que vencen el mundo, la carne y el diablo, ser\u00e1n los favorecidos que reciban el sello del Dios vivo.&nbsp; Aquellos cuyas manos no est\u00e9n limpias, cuyos corazones no sean puros, no tendr\u00e1n el sello del Dios vivo.&nbsp; Los que est\u00e1n planeando pecados y ejecut\u00e1ndolos ser\u00e1n pasados por alto.&nbsp; S\u00f3lo los que, en su actitud ante Dios, ocupan la posici\u00f3n de quienes se arrepienten y confiesan sus pecados en el gran d\u00eda de la verdadera expiaci\u00f3n, ser\u00e1n reconocidos y se\u00f1alados como merecedores de la protecci\u00f3n de Dios. <strong>T.M. 445\/1pp<\/strong><\/p>\n\n\n\n<p class=\"wp-block-paragraph\">\u201cNo vacilamos en decirles que para obtener la herencia inmortal y el tesoro eterno, tienen que vencer en esta vida de pruebas.&nbsp; Todo lo que mancha y contamina el alma debe desaparecer, debe ser limpiado del coraz\u00f3n.&nbsp; Debemos saber lo que significa participar de la naturaleza divina, habiendo huido de la corrupci\u00f3n que est\u00e1 en el mundo por causa de la concupiscencia. \u00bfEst\u00e1n dispuestos a combatir contra los deseos de la carne? \u00bfEst\u00e1n listos para luchar contra el enemigo de Dios y el hombre?&nbsp; Satan\u00e1s est\u00e1 decidido a esclavizar toda alma de ser posible; porque est\u00e1 empe\u00f1ado en un juego desesperado para arrebatarle a Cristo y a la vida eterna las almas de los hombres.\u201d&nbsp; <strong>Cada d\u00eda con Dios del 15 de Junio<\/strong>&nbsp;<\/p>\n\n\n\n<ul class=\"wp-block-list\">\n<li><strong>Perfeccionar nuestro car\u00e1cter:<\/strong><\/li>\n<\/ul>\n\n\n\n<p class=\"wp-block-paragraph\">\u201cNinguno de nosotros recibir\u00e1 jam\u00e1s el sello de Dios mientras nuestros caracteres tengan una mancha.&nbsp; Nos toca a nosotros remediar los defectos de nuestro car\u00e1cter, limpiar el templo del alma de toda contaminaci\u00f3n.&nbsp; Entonces la lluvia tard\u00eda caer\u00e1 sobre nosotros como cay\u00f3 la lluvia temprana sobre los disc\u00edpulos en el d\u00eda de Pentecost\u00e9s.\u201d <strong>Joyas 2 Pag 69\/1<\/strong><\/p>\n\n\n\n<p class=\"wp-block-paragraph\">\u201cEl sello del Dios vivo ser\u00e1 puesto \u00fanicamente sobre los que tienen en su car\u00e1cter la semejanza de Cristo.&nbsp; As\u00ed como la cera recibe la impresi\u00f3n del sello, as\u00ed tambi\u00e9n el alma debe recibir la impronta del Esp\u00edritu de Dios y conservar la imagen de Cristo.&nbsp; Muchos no recibir\u00e1n el sello de Dios porque no guardan sus mandamientos, es decir, no producen frutos de justicia.\u201d <strong>Maranata 239\/1&nbsp;<\/strong><\/p>\n\n\n\n<p class=\"wp-block-paragraph\">\u201cEl sello del Dios viviente s\u00f3lo ser\u00e1 colocado sobre los que son semejantes a Cristo en car\u00e1cter (RH 21-5-1895).\u201d <strong>C.B. Helena de White Pag 981<\/strong><\/p>\n\n\n\n<p class=\"wp-block-paragraph\">\u201cLa cera recibe la impresi\u00f3n del sello, y as\u00ed tambi\u00e9n el alma debe recibir la impresi\u00f3n del Esp\u00edritu de Dios y conservar la imagen de Cristo (ST 18-7-1911).\u201d <strong>C.B. Helena de White Pag 981<\/strong><\/p>\n\n\n\n<ul class=\"wp-block-list\">\n<li><strong>Sentir pesar por nuestra decadencia espiritual y llorar por los pecados ajenos<\/strong>:<\/li>\n<\/ul>\n\n\n\n<p class=\"wp-block-paragraph\">\u201cAquellos que no sienten pesar por su propia decadencia espiritual ni lloran sobre los pecados ajenos quedar\u00e1n sin el sello de Dios.\u201d <strong>Joyas 2 Pag. 65\/2<\/strong><\/p>\n\n\n\n<ul class=\"wp-block-list\">\n<li><strong>Conservarse sin mancha delante de Dios:<\/strong><\/li>\n<\/ul>\n\n\n\n<p class=\"wp-block-paragraph\"><strong>Lev\u00edticos 20:7<\/strong> \u201c&#8221;Santificaos, pues, y sed santos, porque yo, el Eterno, soy vuestro Dios.\u201d<\/p>\n\n\n\n<p class=\"wp-block-paragraph\"><strong>1 Pedro 1:15-16<\/strong> \u201csino que as\u00ed como aquel que os llam\u00f3 es santo, sed tambi\u00e9n vosotros santos en toda vuestra conducta. Pues escrito est\u00e1: &#8220;Sed santos, porque yo soy santo&#8221;<\/p>\n\n\n\n<p class=\"wp-block-paragraph\">\u201cAhora es el momento de prepararse.&nbsp; El sello de Dios no ser\u00e1 nunca puesto en la frente de un hombre o una mujer que sean impuros.&nbsp; Nunca ser\u00e1 puesto sobre la frente de seres humanos ambiciosos y amadores del mundo.&nbsp; Nunca ser\u00e1 puesto sobre la frente de hombres y mujeres de coraz\u00f3n falso o enga\u00f1oso.&nbsp; Todos los que reciban el sello deber\u00e1n estar sin mancha delante de Dios y ser candidatos para el cielo.\u201d <strong>Joyas 2 Pag. 71\/1pp<\/strong><\/p>\n\n\n\n<ul class=\"wp-block-list\">\n<li><strong>Ser fieles observadores del Santo S\u00e1bado:<\/strong><\/li>\n<\/ul>\n\n\n\n<p class=\"wp-block-paragraph\"><strong>\u00c9xodo 31:14-15<\/strong> \u201c&#8221;Por eso guardad el s\u00e1bado, porque es santo para vosotros. El que lo profane, morir\u00e1. Todo el que haga alg\u00fan trabajo en \u00e9l, debe ser exterminado de su pueblo. &#8220;Seis d\u00edas se trabajar\u00e1, pero el s\u00e9ptimo d\u00eda es s\u00e1bado de completo reposo, consagrado al Eterno. Todo el que haga alg\u00fan trabajo en s\u00e1bado, morir\u00e1.\u201d<\/p>\n\n\n\n<p class=\"wp-block-paragraph\">\u201cNo todos los que profesan observar el s\u00e1bado ser\u00e1n sellados.&nbsp; Aun entre los que ense\u00f1an la verdad a otros hay muchos que no recibir\u00e1n el sello de Dios en sus frentes.&nbsp; Tuvieron la luz de la verdad, conocieron la voluntad de su Maestro, comprendieron todo punto de nuestra fe, pero no hicieron las obras correspondientes.\u201d <strong>Joyas 2 Pag. 68\/1pp<\/strong><\/p>\n\n\n\n<p class=\"wp-block-paragraph\">\u201cLos que quieran tener el sello de Dios en sus frentes deben guardar el d\u00eda de reposo del cuarto mandamiento.&nbsp; Esto es lo que los distingue de los desleales, que han aceptado una instituci\u00f3n humana en lugar del verdadero d\u00eda de reposo. La observancia del d\u00eda de reposo de Dios es la marca de distinci\u00f3n entre aquel que sirve a Dios y el que no le sirve (MS 27, 1899).\u201d <strong>C.B. Helena de White Tomo 7 pag 981<\/strong><\/p>\n\n\n\n<ul class=\"wp-block-list\">\n<li><strong>Ser fieles observadores de la Santa Ley de Dios:<\/strong><\/li>\n<\/ul>\n\n\n\n<p class=\"wp-block-paragraph\">\u201cMuchos no recibir\u00e1n el sello de Dios porque no guardan sus mandamientos ni dan los frutos de justicia (Carta 76, 1900).\u201d<strong> C.B. Helena de White Pag 981<\/strong><\/p>\n\n\n\n<p class=\"wp-block-paragraph\"><strong>Otras caracter\u00edsticas de los 144.000:<\/strong><\/p>\n\n\n\n<p class=\"wp-block-paragraph\"><strong>Apocalipsis 14:1-5<\/strong> \u201cMir\u00e9, y vi al Cordero de pie sobre el monte Si\u00f3n, y con \u00e9l 144.000 que ten\u00edan el Nombre del Cordero y el nombre de su Padre escrito en sus frentes. Y o\u00ed una voz del cielo como el estruendo de muchas aguas, como el estampido de un gran trueno.&nbsp; Sin embargo, era el sonido de arpistas que ta\u00f1\u00edan sus arpas.&nbsp; Cantaban un canto nuevo ante el trono, ante los cuatro seres vivientes y ante los ancianos.&nbsp; Y ninguno pod\u00eda aprender ese canto sino los 144.000 que fueron redimidos de entre los de la tierra.&nbsp; Estos son los que no se contaminaron con mujeres, porque son v\u00edrgenes.&nbsp; Estos son los que siguen al Cordero por dondequiera que va. Estos fueron comprados de entre los hombres por primicias para Dios y para el Cordero. Y en sus bocas no se hall\u00f3 enga\u00f1o, porque son sin mancha.\u201d<\/p>\n\n\n\n<p class=\"wp-block-paragraph\">\u201c[Se cita Apoc. 14: 1-4.] Este pasaje presenta el car\u00e1cter del pueblo de Dios para estos \u00faltimos d\u00edas (MS 139, 1903).\u201d C.B. Helena de White Tomo 7 pag. 989<\/p>\n\n\n\n<ul class=\"wp-block-list\">\n<li><strong>El nombre del padre en sus frentes:<\/strong><\/li>\n<\/ul>\n\n\n\n<p class=\"wp-block-paragraph\">Nombre del Padre = Sello: Pues en el cuarto mandamiento que es el sello de Dios encontramos el nombre de Dios. Daniel y Apocalipsis Tomo II 256\/3: 257\/0<\/p>\n\n\n\n<p class=\"wp-block-paragraph\">\u201cEn la disputa del gran conflicto se forman dos bandos: los que &#8220;adoran a la bestia y a su imagen&#8221;, y reciben su marca; y los que reciben &#8220;el sello del Dios vivo&#8221;, que tienen &#8220;el nombre . . . de su Padre escrito en la frente&#8221;.&nbsp; Esta no es una marca visible (ST 1- 11- 1899).\u201d <strong>C.B. Helena de White Tomo 7 Pag. 991<\/strong><\/p>\n\n\n\n<p class=\"wp-block-paragraph\">\u201c\u00bfQui\u00e9nes son \u00e9stos?&nbsp; El pueblo que tiene el nombre de Dios; los que en esta tierra han dado testimonio de su lealtad. \u00bfQui\u00e9nes son?&nbsp; Los que han guardado los mandamientos de Dios y el testimonio de Jesucristo; los que han tenido al Crucificado como su Salvador (MS 132, 1903).\u201d <strong>C.B. Helena de White Tomo 7 Pag. 992<\/strong><\/p>\n\n\n\n<p class=\"wp-block-paragraph\">\u201cEn el cap. 7: 3 se dice que los 144.000 son sellados &#8220;en sus frentes&#8221;, por lo tanto, hay una estrecha relaci\u00f3n entre el sello y el nombre divino.&nbsp; En esta visi\u00f3n de Juan el sello evidentemente ten\u00eda el nombre del Padre y del Hijo.&nbsp; En los sellos antiguos se grababa el nombre de la persona, lo que les daba validez.&nbsp; En cuanto a ejemplos de inscripciones en estos sellos, ver com. cap. 7: 2.&nbsp; Los nombres, aplicados a los 144.000, representan (1) el due\u00f1o: los 144.000 pertenecen a Dios; (2) el car\u00e1cter: los 144.000 reflejan plenamente la imagen de Jes\u00fas. Cf. com. cap. 13: 17, donde la marca de la bestia y el nombre de la bestia se relacionan estrechamente<strong>.<\/strong>\u201d<strong>&nbsp; C.B. ADV. Tomo 7 Explicaci\u00f3n del capitulo 14 de Apocalipsis&nbsp;<\/strong><\/p>\n\n\n\n<p class=\"wp-block-paragraph\">\u201cJuan vio un Cordero sobre el monte de Si\u00f3n, y con \u00e9l 144.000 que ten\u00edan el nombre de su Padre escrito en sus frentes.&nbsp; Llevaban el sello del cielo.&nbsp; Reflejaban la imagen de Dios.&nbsp; Estaban llenos de la luz y de la gloria del que es Santo.&nbsp; Si queremos tener la imagen y la inscripci\u00f3n de Dios en nosotros, debemos apartarnos de toda iniquidad.&nbsp; Debemos abandonar cada mala pr\u00e1ctica, y entonces colocar nuestro caso en las manos de Cristo.&nbsp; Mientras estemos ocupados en nuestra salvaci\u00f3n con temor y temblor, Dios producir\u00e1 en nosotros as\u00ed el querer como el hacer por su buena voluntad ( RH 19-3-1889).\u201d <strong>C.B. Helena de White Tomo 7 pag 989<\/strong><\/p>\n\n\n\n<p class=\"wp-block-paragraph\">\u201cTodos los hacedores de la Palabra de Dios ser\u00e1n bendecidos abundantemente. Cualesquiera sean las cruces que deban cargar, las p\u00e9rdidas que puedan tener o la persecuci\u00f3n que deban afrontar, aun cuando \u00e9sta significara la p\u00e9rdida de la vida temporal, ser\u00e1n ampliamente recompensados, porque se les asegura la vida que se mide con la vida de Dios.&nbsp; Al perder sus vidas por el nombre de Cristo ganan una vida que durar\u00e1 por las edades eternas. Caminan bajo la direcci\u00f3n del Padre de las luces, en el cual no hay mudanza ni sombra de variaci\u00f3n. Ver\u00e1n su rostro y su nombre estar\u00e1 en sus frentes\u201d <strong>Alza tus ojos del 21 de enero<\/strong><\/p>\n\n\n\n<p class=\"wp-block-paragraph\">\u201cEntregaron a Dios su mente en este mundo; le sirvieron con su coraz\u00f3n e intelecto, y ahora \u00e9l puede colocar su nombre en sus frentes. &#8220;No habr\u00e1 all\u00ed m\u00e1s noche;&#8230; porque Dios el Se\u00f1or los iluminar\u00e1; y reinar\u00e1n por los siglos de los siglos&#8221; (Apoc. 22:5).&nbsp; No van a rogar por un lugar en el cielo, porque Cristo les dice: &#8220;Venid, benditos de mi Padre, heredad el reino preparado para vosotros desde la fundaci\u00f3n del mundo&#8221; (Mat. 25:34).&nbsp; Los toma como a sus hijos y les dice: Entrad en el gozo de vuestro Se\u00f1or.&nbsp; En la frente de los vencedores se coloca la corona de inmortalidad.&nbsp; Las toman y las arrojan a los pies de Jes\u00fas, y pulsando sus \u00e1ureas arpas, llenan el cielo con hermosos cantos de alabanza al Cordero.&nbsp; Entonces &#8220;ver\u00e1n su rostro, y su nombre estar\u00e1 en sus frentes&#8221;.\u201d<strong>Dios nos cuida del 31 de mayo<\/strong><\/p>\n\n\n\n<p class=\"wp-block-paragraph\">\u201cMientras se le mostraban a Juan las \u00faltimas grandes luchas de la iglesia con las potencias terrenales, tambi\u00e9n se le permiti\u00f3 contemplar la victoria final y la liberaci\u00f3n de los fieles. Vio a la iglesia en conflicto mort\u00edfero con la bestia y su imagen, y la adoraci\u00f3n de esa bestia impuesta bajo la pena de muerte. Pero mirando m\u00e1s all\u00e1 del humo y el estruendo de la batalla, contempl\u00f3 a una hueste sobre el monte de Si\u00f3n con el Cordero, llevando, en vez de la marca de la bestia,&nbsp; &#8220;el nombre de su Padre escrito en sus frentes.&#8221; Y tambi\u00e9n vio a &#8220;los que Hab\u00edan alcanzado la victoria de la bestia, y de su imagen, y de su se\u00f1al, y del n\u00famero de su nombre, estar sobre el mar de vidrio, teniendo las arpas de Dios,&#8221; y cantando el himno de Mois\u00e9s y del Cordero.\u201d <strong>Testimonios Selectos Tomo IV 269\/0sp<\/strong><\/p>\n\n\n\n<ul class=\"wp-block-list\">\n<li><strong>No se contaminaron con mujeres:<\/strong><\/li>\n<\/ul>\n\n\n\n<p class=\"wp-block-paragraph\"><strong><em>No se contaminaron.<\/em><\/strong><\/p>\n\n\n\n<p class=\"wp-block-paragraph\">Gr. mol\u00fan\u00c7, &#8220;contaminar&#8221;, &#8220;marchar&#8221;, &#8220;ensuciar&#8221;, como la conciencia (1 Cor. 8: 7) o los vestidos (Apoc. 3: 4).&nbsp; Se refiere figuradamente, sin duda, a la contaminaci\u00f3n debido a las relaciones il\u00edcitas (ver com. &#8220;v\u00edrgenes&#8221;).&nbsp; El tiempo del verbo en griego puede ser significativo, pues fija la acci\u00f3n en un momento espec\u00edfico, sin duda en el tiempo cuando la uni\u00f3n de los elementos religiosos, simbolizados por &#8220;mujeres&#8221; (ver com. &#8220;mujeres&#8221;), ejercer\u00e1 toda la presi\u00f3n posible sobre los santos para que renuncien a su fidelidad a Dios y sus mandamientos y se unan a la organizaci\u00f3n ap\u00f3stata (ver com. cap. 16: 14; 17: 2, 6).&nbsp; Cualquiera concesi\u00f3n hubiera significado una contaminaci\u00f3n; pero ahora, de pie victoriosamente sobre el monte de Si\u00f3n, se alaba a los santos por su felicidad. <strong>C.B. ADV. Tomo 7 Explicaci\u00f3n del cap\u00edtulo 14 de Apocalipsis.<\/strong><\/p>\n\n\n\n<p class=\"wp-block-paragraph\"><strong><em>Mujeres.<\/em><\/strong><\/p>\n\n\n\n<p class=\"wp-block-paragraph\">En las Escritura a menudo se usa la figura de una mujer para representar a una iglesia; una mujer pura simboliza a la iglesia verdadera, a una mujer inmoral, a la iglesia ap\u00f3stata (ver com. cap. 12: 1). En cap. 17: 1-5 (ver el comentario respectivo) la iglesia de Roma y varias iglesias ap\u00f3statas que siguen sus pisadas, son simbolizadas con una mujer impura y sus hijas. El profeta se refiere sin duda a estas iglesias (ver com. &#8220;no se contaminaron&#8221;). <strong>C.B. ADV. Tomo 7 Explicaci\u00f3n del cap\u00edtulo 14 de Apocalipsis<\/strong><\/p>\n\n\n\n<ul class=\"wp-block-list\">\n<li><strong>Pues son v\u00edrgenes:\u00a0\u00a0\u00a0\u00a0<\/strong><\/li>\n<\/ul>\n\n\n\n<p class=\"wp-block-paragraph\"><strong><em>V\u00edrgenes.<\/em><\/strong>&nbsp;&nbsp;<\/p>\n\n\n\n<p class=\"wp-block-paragraph\">Gr. parth\u00e9nos, t\u00e9rmino que se aplica a hombres y mujeres; aqu\u00ed, a hombres. Esta aplicaci\u00f3n es clara tanto por el texto griego como por la figura de &#8220;v\u00edrgenes&#8221; que no se han &#8220;contaminado&#8221; con &#8220;mujeres&#8221;. Todo el pasaje es simb\u00f3lico, y por eso no se refiere a la virginidad literal que uno u otro sexo; de lo contrario, este pasaje contradir\u00eda otros que ensalzan el matrimonio y la relaci\u00f3n conyugal (ver com. 1 Cor. 7: 1-5; Heb. 13: 4). Los santos son llamados v\u00edrgenes o porque se han&nbsp; mantenido apartados de Babilonia, o porque ya no tienen nada que ver con ella (ver com. Apoc. 18: 4).&nbsp; Se negaron a tener relaci\u00f3n alguna con Babilonia y sus hijas en el tiempo cuando \u00e9stas se convirtieron en los instrumentos de Satan\u00e1s en su esfuerzo final por extirpar a los santos (ver com. cap. 13: 15).&nbsp; No se contaminaron participando en esa alianza vituperable de elementos reunidos por Satan\u00e1s, aunque quiz\u00e1 alguna vez pertenecieron a alguno de los diversos grupos que ahora est\u00e1n unidos. <strong>C.B. ADV. Tomo 7 Explicaci\u00f3n del cap\u00edtulo 14 de Apocalipsis<\/strong><\/p>\n\n\n\n<ul class=\"wp-block-list\">\n<li><strong>Siguen al Cordero:<\/strong><\/li>\n<\/ul>\n\n\n\n<p class=\"wp-block-paragraph\">.&nbsp;<\/p>\n\n\n\n<p class=\"wp-block-paragraph\">Parece se\u00f1alarse alg\u00fan privilegio especial de los 144.000 cuyos detalles&nbsp; no son revelados y por lo tanto s\u00f3lo se pueden conjeturar. Cf. com. cap. 7: 14-17<strong>. C.B.ADV. Tomo 7 Explicaci\u00f3n del capitulo 14 de Apocalipsis&nbsp;<\/strong><\/p>\n\n\n\n<ul class=\"wp-block-list\">\n<li><strong>Redimidos de entre los hombres:<\/strong><\/li>\n<\/ul>\n\n\n\n<p class=\"wp-block-paragraph\">Gr. Agor\u00e1z \u00c7, &#8220;comprar&#8221;, &#8220;adquirir&#8221;, &#8220;redimir&#8221;; tambi\u00e9n se traduce &#8220;comprar&#8221; en los cap. 3: 18;&nbsp; &nbsp; 18: 11. Comp\u00e1rese con las frases &#8220;con tu sangre nos ha redimido para Dios&#8221; (cap. 5: 9), &#8220;redimidos de entre los de la tierra&#8221; (cap.14: 4). Cf. com. Rom. 3: 24; 1 Cor. 6: 20. <strong>C.B.ADV. Tomo 7 Explicaci\u00f3n del capitulo 14 de Apocalipsis<\/strong>&nbsp;<\/p>\n\n\n\n<ul class=\"wp-block-list\">\n<li><strong>Primicias:<\/strong><\/li>\n<\/ul>\n\n\n\n<p class=\"wp-block-paragraph\">Gr. aparj&#8217;, &#8220;primeros frutos&#8221;, de la ra\u00edz del verbo ap\u00e1rjomai, &#8220;empezar&#8221;, especialmente &#8220;iniciar el sacrificio&#8221;, &#8220;ofrecer primicias&#8221;.&nbsp; Los antiguos israelitas ofrec\u00edan las primicias al Se\u00f1or en forma personal (Deut. 26: 1-11) y tambi\u00e9n nacional (Lev. 23: 10, 17).&nbsp; Dar las primicias era un reconocimiento de la bondad de Dios al proporcionar la cosecha.&nbsp; La ofrenda nacional tambi\u00e9n ten\u00eda un significado simb\u00f3lico (ver com. 1 Cor. 15: 20).<\/p>\n\n\n\n<p class=\"wp-block-paragraph\">El t\u00e9rmino &#8220;primicias&#8221; aplicado a los 144.000 pude entenderse en dos formas:<\/p>\n\n\n\n<p class=\"wp-block-paragraph\">l. Que son la primera entrega o adelantos&nbsp; de la gran cosecha.&nbsp; Los 144.000 son los vencedores en el gran conflicto con la bestia y su imagen (ver com. cap.14: 1). Han sido librados de esta lucha y est\u00e1n a salvo delante del trono de Dios.&nbsp; &#8220;Habiendo sido trasladado de la tierra, de entre los vivos, son contados por &#8216;primicias para Cristo y para el Cordero&#8217; &#8221; (CS 707)&nbsp;&nbsp;&nbsp;&nbsp;&nbsp;&nbsp;&nbsp;&nbsp;&nbsp;&nbsp;&nbsp;&nbsp;&nbsp;&nbsp;&nbsp;&nbsp;&nbsp;&nbsp;&nbsp;&nbsp;&nbsp;&nbsp;&nbsp;<\/p>\n\n\n\n<p class=\"wp-block-paragraph\">2. Que sencillamente significa &#8220;un presente&#8221; o &#8220;una ofrenda&#8221;.&nbsp; Aparj&#8217; es en la LXX la traducci\u00f3n m\u00e1s frecuente del Heb. terumah, &#8220;contribuci\u00f3n&#8221;, &#8220;ofrenda&#8221;.&nbsp; En Exo. 25: 2-3 terumah es la contribuci\u00f3n de los hijos de Israel para la construcci\u00f3n del santuario. Terumah describe con frecuencia una &#8220;ofrenda&#8221; (ver N\u00fam. 5: 9, LXX, aparj&#8217;). Inscripciones antiguas muestran que&nbsp; aparj&#8217; se usaba com\u00fanmente para describir un &#8220;presente&#8221; para una diosa, sin referencia al tiempo. Cuando aparj&#8217; es la traducci\u00f3n de terumah, tampoco hay referencia al tiempo.<\/p>\n\n\n\n<p class=\"wp-block-paragraph\">Por lo tanto, los 144.000 pueden considerarse como las &#8220;primicias&#8221;, ya sea en el sentido de que son parte de una cosecha mayor, o de ser una ofrenda o presente para Dios. <strong>C.B.ADV. Tomo 7 Explicaci\u00f3n del cap\u00edtulo 14 de Apocalipsis<\/strong><\/p>\n\n\n\n<ul class=\"wp-block-list\">\n<li><strong>En sus bocas no fue hallada mentira:<\/strong><\/li>\n<\/ul>\n\n\n\n<p class=\"wp-block-paragraph\"><strong>Sofon\u00edas 3:12-13<\/strong> \u201c&#8221;Dejar\u00e9 en medio de ti un pueblo manso y humilde, que confiar\u00e1 en el Nombre del Eterno. &#8220;El remanente de Israel no cometer\u00e1 injusticia, ni dir\u00e1 mentira, ni en su boca se hallar\u00e1 lengua enga\u00f1osa. Ser\u00e1n apacentados y dormir\u00e1n, y no habr\u00e1 quien lo atemorice&#8221;.\u201d<\/p>\n\n\n\n<p class=\"wp-block-paragraph\"><strong><em>Fue hallada.<\/em><\/strong><\/p>\n\n\n\n<p class=\"wp-block-paragraph\">&nbsp;La reflexi\u00f3n del verbo griego indica acci\u00f3n pasada en un momento determinado. En el momento de hacerse la investigaci\u00f3n, los 144.000 eran intachables, limpios por la gracia de Dios.<\/p>\n\n\n\n<p class=\"wp-block-paragraph\"><strong><em>Mentira<\/em><\/strong><\/p>\n\n\n\n<p class=\"wp-block-paragraph\">Gr. ps\u00e9udos, &#8220;falsedad&#8221;, &#8220;sutileza&#8221;, &#8220;fraude&#8221;, &#8220;enga\u00f1o&#8221;. El Evangelio de Jesucristo transformara al pecador, lo convierte ning\u00fan fingimiento, ning\u00fan enga\u00f1o, ning\u00fan pecado.<\/p>\n\n\n\n<ul class=\"wp-block-list\">\n<li><strong>Pues son sin mancha delante del trono:<\/strong><\/li>\n<\/ul>\n\n\n\n<p class=\"wp-block-paragraph\"><strong><em>Sin mancha<\/em><\/strong><\/p>\n\n\n\n<p class=\"wp-block-paragraph\">Gr. \u00e1m\u00c7mos, &#8220;sin defecto&#8221;, &#8220;sin culpa&#8221; (ver com. Efe. 1: 4; cf. PVGM 47-48; TM 506).<\/p>\n\n\n\n<p class=\"wp-block-paragraph\"><strong>Efesios 1:4<\/strong> \u201cDios nos eligi\u00f3 en \u00e9l desde antes de la creaci\u00f3n del mundo, para que fu\u00e9semos santos y sin culpa ante \u00e9l en amor.\u201d<\/p>\n\n\n\n<p class=\"wp-block-paragraph\">\u201c&#8221;Cuando el fruto fuere producido, luego se mete la hoz, porque la siega es llegada&#8221;.&nbsp; Cristo espera con un deseo anhelante la manifestaci\u00f3n de s\u00ed mismo en su iglesia. Cuando el car\u00e1cter de Cristo sea perfectamente reproducido en su pueblo, entonces vendr\u00e1 \u00e9l para reclamarlos como suyos.\u201d <strong>P.V.G.M. 47\/4<\/strong><\/p>\n\n\n\n<p class=\"wp-block-paragraph\">\u201cLa lluvia tard\u00eda que madura la cosecha de la tierra, representa la gracia espiritual que prepara a la iglesia para la venida del Hijo del hombre.&nbsp; Pero a menos que la primera lluvia haya ca\u00eddo, no habr\u00e1 vida; el brote verde no surgir\u00e1.&nbsp; A menos que los primeros chubascos hayan hecho su obra, la lluvia tard\u00eda no puede perfeccionar ninguna semilla.<\/p>\n\n\n\n<p class=\"wp-block-paragraph\">Ha de haber &#8220;primero hierba, luego espiga, despu\u00e9s grano lleno en la espiga&#8221;.&nbsp; Debe haber un desarrollo constante de la virtud cristiana, un progreso permanente en la experiencia cristiana. Esto debemos buscarlo con intenso deseo, para que adornemos la doctrina de Cristo nuestro Salvador.\u201d <strong>T.M. 506\/2-3&nbsp;<\/strong><\/p>\n\n\n\n<p class=\"wp-block-paragraph\"><strong><em>Delante del trono.<\/em><\/strong><\/p>\n\n\n\n<p class=\"wp-block-paragraph\">La evidencia textual establece (cf. p. 10) la omisi\u00f3n de esta frase. La omiten la BJ, BA, BC y NC<\/p>\n\n\n\n<p class=\"wp-block-paragraph\"><strong>\u00bfLos&nbsp; 144.000 est\u00e1n conformados por solo vivos \u00f3 tambi\u00e9n dentro de este grupo hay fallecidos despu\u00e9s de 1844 que conocieron y obedecieron la luz del santo s\u00e1bado?<\/strong><\/p>\n\n\n\n<p class=\"wp-block-paragraph\">Apocalipsis 16:17-18 &#8221; Y el s\u00e9ptimo \u00e1ngel derram\u00f3 su copa por el aire.&nbsp; Y del Santuario del cielo sali\u00f3 una gran voz desde el trono, que dijo: &#8220;\u00a1Hecho est\u00e1!&#8221; Entonces hubo rel\u00e1mpagos, voces y truenos, y un gran temblor de tierra, un terremoto tan grande como no lo hubo jam\u00e1s desde que existen hombres sobre la tierra.<\/p>\n\n\n\n<p class=\"wp-block-paragraph\"><strong>Daniel 12:2<\/strong> \u201c&#8221;Muchos de los que duermen en el polvo de la tierra ser\u00e1n despertados, unos para vida eterna, y otros para verg\u00fcenza y confusi\u00f3n eterna.\u201d<\/p>\n\n\n\n<p class=\"wp-block-paragraph\">&nbsp;\u201cLos sepulcros se abren y &#8220;muchos de los que duermen en el polvo de la tierra ser\u00e1n despertados, unos para vida eterna, y otros para verg\u00fcenza y confusi\u00f3n perpetua.&#8221; (Daniel 12: 2.) Todos los que murieron en la fe del mensaje del tercer \u00e1ngel, salen glorificados de la tumba, para o\u00edr el pacto de paz que Dios hace con los que guardaron su ley. &#8220;Los que le traspasa ron&#8221; (Apocalipsis 1: 7), los que se mofaron y se rieron de la agon\u00eda de Cristo y los enemigos m\u00e1s ac\u00e9rrimos de su verdad y de su pueblo, son resucitados para mirarle en su gloria y para ver el honor con que ser\u00e1n recompensados los fieles y obedientes.\u201d <strong>C.S. 695\/1<\/strong><\/p>\n\n\n\n<p class=\"wp-block-paragraph\">\u201cAparecieron densas y tenebrosas nubes que entrechocaban unas con otras. Pero hab\u00eda un claro de persistente esplendor de donde sal\u00eda la voz de Dios como el sonido de muchas aguas estremeciendo los cielos y la tierra. Sobrevino un tremendo terremoto. Abri\u00e9ronse los sepulcros y los que hab\u00edan muerto teniendo fe en el mensaje del tercer \u00e1ngel y guardando el s\u00e1bado se levantaron, glorificados, de sus polvorientos lechos para escuchar el pacto de paz que Dios iba a hacer con quienes hab\u00edan observado su ley.\u201d <strong>P.E. 285\/1up<\/strong>&nbsp;<\/p>\n\n\n\n<p class=\"wp-block-paragraph\"><strong>\u00bfD\u00f3nde se encuentran el resto de los 144000 que no gustaron la muerte?<\/strong><\/p>\n\n\n\n<p class=\"wp-block-paragraph\">\u201cCuando los que honran la ley de Dios hayan sido privados de la protecci\u00f3n de las leyes humanas, empezar\u00e1 en varios pa\u00edses un movimiento simult\u00e1neo para destruirlos. Conforme vaya acerc\u00e1ndose el tiempo se\u00f1alado en el decreto, el pueblo conspirar\u00e1 para extirpar la secta aborrecida. Se convendr\u00e1 en dar una noche el golpe decisivo, que reducir\u00e1 completamente al silencio la voz disidente y reprensora.<\/p>\n\n\n\n<p class=\"wp-block-paragraph\">El pueblo de Dios -algunos en las celdas de las c\u00e1rceles, otros escondidos en ignorados escondrijos de bosques y monta\u00f1as- invocan a\u00fan la protecci\u00f3n divina, mientras que por todas partes compa\u00f1\u00edas de hombres armados, instigados por legiones de \u00e1ngeles malos, se disponen a emprender la obra de muerte. Entonces, en la hora de supremo apuro, es cuando el Dios de Israel intervendr\u00e1 para librar a sus escogidos. El Se\u00f1or dice: &#8220;Vosotros tendr\u00e9is canci\u00f3n, como en noche en que se celebra pascua; y alegr\u00eda de coraz\u00f3n, como el que va . . . al monte de Jehov\u00e1, al Fuerte de Israel. Y Jehov\u00e1 har\u00e1 o\u00edr su voz potente, y har\u00e1 ver el descender de su brazo, con furor de rostro, y llama de fuego consumidor; con dispersi\u00f3n, con avenida, y piedra de granizo.&#8221; (Isa\u00edas 30: 29, 30.)\u201d <strong>C.S. 693\/1-2<\/strong>&nbsp;<\/p>\n\n\n\n<p class=\"wp-block-paragraph\"><strong>Los que se encuentran en las c\u00e1rceles son libertados:<\/strong><\/p>\n\n\n\n<p class=\"wp-block-paragraph\">\u201cLos muros de las c\u00e1rceles se parten de arriba abajo, y son libertados los hijos de Dios que hab\u00edan sido apresados por su fe.\u201d <strong>C.S. 695\/0up<\/strong><\/p>\n\n\n\n<p class=\"wp-block-paragraph\"><strong>Los 144000 oyen el pacto de paz:<\/strong><\/p>\n\n\n\n<p class=\"wp-block-paragraph\">\u201cDesde el cielo se oye la voz de Dios que proclama el d\u00eda y la hora de la venida de Jes\u00fas, y promulga a su pueblo el pacto eterno. Sus palabras resuenan por la tierra como el estruendo de los m\u00e1s estrepitosos truenos. El Israel de Dios escucha con los ojos elevados al cielo. Sus semblantes se iluminan con la gloria divina y brillan cual brillara el rostro de Mois\u00e9s cuando baj\u00f3 del Sina\u00ed. Los malos no los pueden mirar. Y cuando la bendici\u00f3n es pronunciada sobre los que honraron a Dios santificando su s\u00e1bado, se oye un inmenso grito de victoria.\u201d&nbsp; <strong>C.S. 698\/2<\/strong><\/p>\n\n\n\n<p class=\"wp-block-paragraph\">\u201cPronto o\u00edmos la voz de Dios, semejante al ruido de muchas aguas, que nos anunci\u00f3 el d\u00eda y la hora de la venida de Jes\u00fas. Los 144,000 santos vivientes reconocieron y entendieron la voz; pero los malvados se figuraron que era fragor de truenos y de terremoto.&nbsp; Cuando Dios se\u00f1al\u00f3 el tiempo, derram\u00f3 sobre nosotros el Esp\u00edritu Santo, y&nbsp; nuestros semblantes se iluminaron refulgentemente con la gloria de Dios, como le sucedi\u00f3 a Mois\u00e9s al bajar del Sina\u00ed.\u201d <strong>P.E. 15\/0up<\/strong><\/p>\n\n\n\n<p class=\"wp-block-paragraph\">\u201cAl declarar Dios el d\u00eda y la hora de la venida de Jes\u00fas y conferir el sempiterno pacto a su pueblo, pronunciaba una frase y se deten\u00eda mientras las palabras de la frase retumbaban por toda la tierra.&nbsp; El Israel de Dios permanec\u00eda con la mirada fija en lo alto, escuchando las palabras seg\u00fan iban saliendo de labios de Jehov\u00e1 y retumbaban por toda la tierra con el estruendo de horr\u00edsonos truenos.&nbsp; Era un espect\u00e1culo pavorosamente solemne.&nbsp; Al final de cada frase los santos exclamaban: &#8221; \u00a1Gloria! \u00a1Aleluya!&#8221; Estaban sus semblantes iluminados&nbsp; por la gloria de Dios, y refulg\u00edan como el rostro de Mois\u00e9s, al bajar del Sina\u00ed.&nbsp; Los malvados no pod\u00edan mirarlos porque los ofuscaba el resplandor.&nbsp; Y cuando Dios derram\u00f3 la sempiterna bendici\u00f3n sobre quienes le hab\u00edan honrado santificando el s\u00e1bado, reson\u00f3 un potente grito de victoria sobre la bestia y su imagen.\u201d <strong>P.E. 285\/2sp<\/strong><\/p>\n\n\n\n<p class=\"wp-block-paragraph\">\u201cLos&nbsp; 144,000 estaban todos sellados y perfectamente unidos.&nbsp; En su frente llevaban escritas estas palabras: &#8220;Dios, nueva Jerusal\u00e9n,&#8221; y adem\u00e1s una brillante estrella con el nuevo nombre de Jes\u00fas. Los imp\u00edos se enfurecieron al vernos en aquel santo y feliz estado, y quer\u00edan apoderarse de nosotros para encarcelarnos, cuando extendimos la mano en el nombre del Se\u00f1or y cayeron rendidos en el suelo.&nbsp; Entonces conoci\u00f3 la sinagoga de Satan\u00e1s que Dios nos hab\u00eda amado, a nosotros que pod\u00edamos lavarnos los pies unos a otros y saludarnos fraternalmente con \u00f3sculo santo, y ellos adoraron a nuestras plantas. (V\u00e9ase el Ap\u00e9ndice.)\u201d <strong>P.E 15\/1<\/strong><\/p>\n\n\n\n<p class=\"wp-block-paragraph\"><strong>Los 144000 son libertados por Cristo:<\/strong><\/p>\n\n\n\n<p class=\"wp-block-paragraph\">\u201cCuando los que honran la ley de Dios hayan sido privados de la protecci\u00f3n de las leyes humanas, empezar\u00e1 en varios pa\u00edses un movimiento simult\u00e1neo para destruirlos. Conforme vaya acerc\u00e1ndose el tiempo se\u00f1alado en el decreto, el pueblo conspirar\u00e1 para extirpar la secta aborrecida. Se convendr\u00e1 en dar una noche el golpe decisivo, que reducir\u00e1 completamente al silencio la voz disidente y reprensora\u2026\u2026 Multitudes de hombres perversos, profiriendo gritos de triunfo, burlas e imprecaciones, est\u00e1n a punto de arrojarse sobre su presa, cuando de pronto densas tinieblas, m\u00e1s sombr\u00edas que la oscuridad de la noche caen sobre la tierra. Luego un arco iris, que refleja la gloria del trono de Dios, se extiende de un lado a otro del cielo, y parece envolver a todos los grupos en oraci\u00f3n. Las multitudes encolerizadas se sienten contenidas en el acto. Sus gritos de burla expiran en sus labios. Olvidan el objeto de su ira sanguinaria. Con terribles presentimientos&nbsp; contemplan el s\u00edmbolo de la alianza divina, y ans\u00edan ser amparadas de su deslumbradora claridad.\u201d <strong>C.S. 693\/1,3; 694<\/strong>\/<strong>0<\/strong>&nbsp;<\/p>\n\n\n\n<p class=\"wp-block-paragraph\">\u201cEs a medianoche cuando Dios manifiesta su poder para librar a su pueblo. Sale el sol en todo su esplendor. Suc\u00e9dense se\u00f1ales y prodigios con rapidez. Los malos miran la escena con terror y asombro, mientras los justos contemplan con gozo las se\u00f1ales de su liberaci\u00f3n.\u201d <strong>C.S 694\/2pp<\/strong><\/p>\n\n\n\n<p class=\"wp-block-paragraph\"><strong>Cristo aparece en las nubes de los cielos<\/strong>:<\/p>\n\n\n\n<p class=\"wp-block-paragraph\">\u201cPronto aparece en el este una peque\u00f1a nube negra, de un tama\u00f1o como la mitad de la palma de la mano. Es la nube que envuelve al Salvador y que a la distancia parece rodeada de oscuridad. El pueblo de Dios sabe que es la se\u00f1al del Hijo del hombre. En silencio solemne la contemplan mientras va acerc\u00e1ndose a la tierra, volvi\u00e9ndose m\u00e1s luminosa y m\u00e1s gloriosa hasta convertirse en una gran nube blanca, cuya base es como fuego consumidor, y sobre ella el arco iris del pacto. Jes\u00fas marcha al frente como un gran conquistador. Ya no es &#8220;var\u00f3n de dolores,&#8221; que haya de beber el amargo c\u00e1liz de la ignominia y de la maldici\u00f3n; victorioso en el cielo y en la tierra, viene a juzgar a vivos y muertos. &#8220;Fiel y veraz,&#8221; &#8220;en justicia juzga y hace guerra.&#8221; &#8220;Y los ej\u00e9rcitos que est\u00e1n en el cielo le segu\u00edan.&#8221; (Apocalipsis 19: 11, 14, V.M.) Con cantos celestiales los santos \u00e1ngeles, en inmensa e Innumerable muchedumbre, le acompa\u00f1an en el descenso. El firmamento parece lleno de formas radiantes,- &#8220;millones de millones, y millares de millares.&#8221; Ninguna pluma humana puede describir la escena, ni mente mortal alguna es capaz de concebir su esplendor. &#8220;Su gloria cubre los cielos, y la tierra se llena de su alabanza. Tambi\u00e9n su resplandor es como el fuego.&#8221; (Habacuc 3: 3, 4, V.M.) A medida que va acerc\u00e1ndose la nube viviente, todos los ojos ven al Pr\u00edncipe de la vida. Ninguna corona de espinas hiere ya sus sagradas sienes, ce\u00f1idas ahora por gloriosa diadema. Su rostro brilla m\u00e1s que la luz deslumbradora del sol de mediod\u00eda. &#8220;Y en su vestidura y en su muslo tiene escrito este nombre: Rey de reyes y Se\u00f1or de se\u00f1ores.&#8221; (Apocalipsis 19: 16.)\u201d <strong>C.S. 698\/3; 699\/0<\/strong><\/p>\n\n\n\n<p class=\"wp-block-paragraph\">\u201cLos hijos de Dios oyen una voz clara y melodiosa que dice: &#8220;Enderezaos,&#8221; y, al levantar la vista al cielo, contemplan el arco de la promesa. Las nubes negras y amenazadoras que cubr\u00edan el firmamento se han desvanecido, y como Esteban, clavan la mirada en el cielo, y ven la gloria de Dios y al Hijo del hombre sentado en su trono. En su divina forma distinguen los rastros de su humillaci\u00f3n, y oyen brotar de sus labios la oraci\u00f3n dirigida a su Padre y a los santos \u00e1ngeles: &#8220;Yo quiero que aquellos tambi\u00e9n que me has dado, est\u00e9n conmigo en donde yo estoy.&#8221; (S. Juan 17:24, V.M.) Luego se oye una voz armoniosa y triunfante, que dice: &#8220;\u00a1Helos aqu\u00ed! \u00a1Helos aqu\u00ed! santos, inocentes e inmaculados. Guardaron la palabra de mi paciencia y andar\u00e1n entre los \u00e1ngeles;&#8221; y de los labios p\u00e1lidos y tr\u00e9mulos de los que guardaron firmemente la fe, sube una aclamaci\u00f3n de victoria.\u201d <strong>C.S 694\/1<\/strong><\/p>\n\n\n\n<p class=\"wp-block-paragraph\"><strong>Los imp\u00edos perecen:<\/strong><\/p>\n\n\n\n<p class=\"wp-block-paragraph\"><strong>Apocalipsis 1:7<\/strong> \u201cMirad que viene con las nubes; y todo ojo lo ver\u00e1, aun los que lo traspasaron.&nbsp; Y todos los linajes de la tierra se lamentar\u00e1n por \u00e9l. \u00a1As\u00ed sea! \u00a1Am\u00e9n!\u201d<\/p>\n\n\n\n<p class=\"wp-block-paragraph\"><strong>Daniel 12:2<\/strong> \u201c&#8221;Muchos de los que duermen en el polvo de la tierra ser\u00e1n despertados, unos para vida eterna, y otros para verg\u00fcenza y confusi\u00f3n eterna.\u201d<\/p>\n\n\n\n<p class=\"wp-block-paragraph\"><strong>Mateo 24:30<\/strong> \u201c&#8221;Y entonces aparecer\u00e1 en el cielo la se\u00f1al del Hijo del Hombre, y todas las naciones de la tierra se lamentar\u00e1n; y ver\u00e1n al Hijo del Hombre que viene sobre las nubes del cielo, con gran poder y grande majestad.\u201d<\/p>\n\n\n\n<p class=\"wp-block-paragraph\"><strong>Apocalipsis 6:15-17<\/strong> \u201cEntonces los reyes de la tierra, los grandes y los ricos, los capitanes y los poderosos, y todo siervo y todo libre, se escondieron en las cuevas y entre las pe\u00f1as de los montes.Y dec\u00edan a los montes y a las pe\u00f1as: &#8220;Caed sobre nosotros, y escondednos de la vista de Aquel que est\u00e1 sentado sobre el trono, y de la ira del Cordero.&#8221;Porque ha llegado el gran d\u00eda de su ira, \u00bfy qui\u00e9n podr\u00e1 quedar en pie?\u201d<\/p>\n\n\n\n<p class=\"wp-block-paragraph\">\u201cCesaron las burlas. Callan los labios mentirosos. El choque de las armas y el tumulto de la batalla, &#8220;con revolcamiento de vestidura en sangre&#8221; (Isa\u00edas 9: 5), han concluido. S\u00f3lo se oyen ahora voces de oraci\u00f3n, llanto y lamentaci\u00f3n. De las bocas que se mofaban poco antes, estalla el grito: &#8220;El gran d\u00eda de su ira es venido; \u00bfy qui\u00e9n podr\u00e1 estar firme?&#8221; Los imp\u00edos piden ser sepultados bajo las rocas de las monta\u00f1as, antes que ver la cara de Aquel a quien han despreciado y rechazado.\u201d <strong>C.S. 700\/1<\/strong><\/p>\n\n\n\n<p class=\"wp-block-paragraph\">\u201cAll\u00ed est\u00e1n los que se mofaron de Cristo en su humillaci\u00f3n. Con fuerza penetrante acuden a su mente las palabras del Var\u00f3n de dolores, cuando, conjurado por el sumo sacerdote, declar\u00f3 solemnemente: &#8220;Desde ahora hab\u00e9is de ver al Hijo del hombre sentado a la diestra de la potencia de Dios, y que viene en las nubes del cielo.&#8221; (S. Mateo 26: 64.) Ahora le ven en su&nbsp; gloria, y deben verlo a\u00fan sentado a la diestra del poder divino.<\/p>\n\n\n\n<p class=\"wp-block-paragraph\">Los que pusieron en rid\u00edculo su aserto de ser el Hijo de Dios enmudecen ahora. All\u00ed est\u00e1 el altivo Herodes que se burl\u00f3 de su t\u00edtulo real y mand\u00f3 a los soldados escarnecedores que le coronaran. All\u00ed est\u00e1n los hombres mismos que con manos imp\u00edas pusieron sobre su cuerpo el manto de grana, sobre sus sagradas sienes la corona de espinas y en su d\u00f3cil mano un cetro burlesco, y se inclinaron ante \u00e9l con burlas de blasfemia. Los hombres que golpearon y escupieron al Pr\u00edncipe de la vida, tratan de evitar ahora su mirada penetrante y de huir de la gloria abrumadora de su presencia. Los que atravesaron con clavos sus manos y sus pies, los soldados que le abrieron el costado, consideran esas se\u00f1ales con terror y remordimiento.<\/p>\n\n\n\n<p class=\"wp-block-paragraph\">Los sacerdotes y los escribas recuerdan los acontecimientos del Calvario con claridad aterradora. Llenos de horror recuerdan c\u00f3mo, moviendo sus cabezas con arrebato sat\u00e1nico, exclamaron: &#8220;A otros salv\u00f3, a s\u00ed mismo no puede salvar: si es el Rey de Israel, descienda ahora de la cruz, y creeremos en \u00e9l. Confi\u00f3 en Dios; l\u00edbrele ahora si le quiere.&#8221; (S. Mateo 27: 42, 43.)<\/p>\n\n\n\n<p class=\"wp-block-paragraph\">Recuerdan a lo vivo la par\u00e1bola de los labradores que se negaron a entregar a su se\u00f1or los frutos de la vi\u00f1a, que maltrataron a sus siervos y mataron a su hijo. Tambi\u00e9n recuerdan la sentencia que ellos mismos pronunciaron: &#8220;A los malos destruir\u00e1 miserablemente&#8221; el se\u00f1or de la vi\u00f1a. Los sacerdotes y escribas ven en el pecado y en el castigo de aquellos malos labradores su propia conducta y su propia y merecida suerte. Y entonces se levanta un grito de agon\u00eda mortal. M\u00e1s fuerte que los gritos de &#8220;\u00a1Sea crucificado! \u00a1Sea crucificado!&#8221; que resonaron por las calles de Jerusal\u00e9n, estalla el clamor terrible y desesperado: &#8220;\u00a1Es el Hijo de Dios! \u00a1Es el verdadero Mes\u00edas!&#8221; Tratan de huir de la presencia del Rey de reyes. En vano tratan de esconderse en las hondas cuevas de la tierra desgarrada por la conmoci\u00f3n de los elementos.\u201d <strong>C.S. 700\/3; 701\/0-3<\/strong><\/p>\n\n\n\n<p class=\"wp-block-paragraph\"><strong>La gran multitud:<\/strong><\/p>\n\n\n\n<p class=\"wp-block-paragraph\"><strong>Apocalipsis 7:9-10<\/strong> \u201cDespu\u00e9s vi una gran multitud que ninguno pod\u00eda contar, de toda naci\u00f3n, tribu, pueblo y lengua.&nbsp; Estaban ante el trono y en presencia del Cordero, vestidos de ropa blanca y con palmas en sus manos.&nbsp; Y aclamaban a gran voz: &#8220;La salvaci\u00f3n se debe a nuestro Dios que est\u00e1 sentado sobre el trono, y al Cordero&#8221;.\u201d<\/p>\n\n\n\n<p class=\"wp-block-paragraph\">\u201cLas palmas significan que han ganado la victoria, y los mantos blancos que han sido revestidos con la justicia de Cristo.&nbsp; Gracias a Dios porque se ha abierto una fuente para lavar los mantos de nuestro car\u00e1cter y hacerlos tan blancos como la nieve (MS 23, sin fecha).\u201d <strong>C.B. Helena de White Tomo 7 pag 981<\/strong><\/p>\n\n\n\n<p class=\"wp-block-paragraph\">\u201cEntre las oscilaciones de la tierra, las llamaradas de los rel\u00e1mpagos y el fragor de los truenos, el Hijo de Dios llama a la vida a los santos dormidos. Dirige una mirada a las tumbas de los justos, y levantando luego las manos al cielo, exclama: &#8220;\u00a1Despertaos, despertaos, despertaos, los que dorm\u00eds en el polvo, y levantaos!&#8221; Por toda la superficie de la tierra, los muertos oir\u00e1n esa voz; y los que la oigan vivir\u00e1n. Y toda la tierra repercutir\u00e1 bajo las pisadas de la multitud extraordinaria de todas las naciones, tribus, lenguas y pueblos. De la prisi\u00f3n de la muerte sale revestida de gloria inmortal gritando &#8220;\u00bfD\u00f3nde est\u00e1, oh muerte, tu aguij\u00f3n? \u00bfd\u00f3nde, oh sepulcro, tu victoria?&#8221; (1 Corintios 15: 55.) <strong><em>Y los justos vivos unen sus voces a las de los santos resucitados en prolongada y alegre aclamaci\u00f3n de victoria.<\/em><\/strong><\/p>\n\n\n\n<p class=\"wp-block-paragraph\">Todos salen de sus tumbas de igual estatura que cuando en ellas fueran depositados. Ad\u00e1n, que se encuentra entre la multitud resucitada, es de soberbia altura y formas majestuosas, de porte poco inferior al del Hijo de Dios. Presenta un contraste notable con los hombres de las generaciones posteriores; en este respecto se nota la gran degeneraci\u00f3n de la raza humana. Pero todos se levantan con la lozan\u00eda y el vigor de eterna juventud.\u201d <strong>C.S. 702\/1,2pp<\/strong><\/p>\n\n\n\n<p class=\"wp-block-paragraph\">\u201cLa tierra se estremeci\u00f3 violentamente cuando la voz del Hijo de Dios llam\u00f3 a los santos que dorm\u00edan, quienes respondieron a la evocaci\u00f3n y resurgieron revestidos de gloriosa inmortalidad, exclamando: &#8220;\u00a1Victoria! \u00a1Victoria! sobre la muerte y el sepulcro. \u00bfD\u00f3nde est\u00e1, oh muerte, tu aguij\u00f3n? \u00bfd\u00f3nde oh sepulcro, tu victoria?&#8221; Entonces los santos vivientes y los resucitados elevaron sus voces en un prolongado grito de triunfo.&nbsp; Aquellos cuerpos que hab\u00edan bajado a la tumba con los estigmas de la enfermedad y la muerte resucitaron inmortalmente sanos y vigorosos.&nbsp; Los santos vivientes fueron transmutados en un momento, en un abrir y cerrar de ojos, y arrebatados con los salidos del sepulcro, fueron todos juntos a encontrar a su Se\u00f1or en el aire. \u00a1Oh! \u00a1cu\u00e1n glorioso encuentro fue \u00e9se! Los amigos separados por la muerte volvieron a unirse para no separarse m\u00e1s.\u201d <strong>P.E. 287\/1<\/strong>&nbsp;<\/p>\n\n\n\n<p class=\"wp-block-paragraph\">\u201cLuego reson\u00f3 la argentina trompeta de Jes\u00fas, a medida que \u00e9l iba descendiendo en la nube, rodeado de llamas de fuego.&nbsp; Mir\u00f3 las tumbas de sus santos dormidos. Despu\u00e9s alz\u00f3 los ojos y las manos hacia el cielo, y exclam\u00f3: &#8220;\u00a1Despertad! \u00a1Despertad! \u00a1Despertad los que dorm\u00eds en el polvo, y levantaos!&#8221; Hubo entonces un formidable terremoto.&nbsp; Se abrieron los sepulcros y resucitaron los muertos revestidos de inmortalidad.&nbsp; Los 144,000 exclamaron &#8220;\u00a1Aleluya!&#8221; al reconocer a los amigos que la muerte hab\u00eda arrebatado de su lado, y en el mismo instante nosotros fuimos transformados y nos reunimos con ellos para encontrar al Se\u00f1or en el aire.\u201d <strong>P.E&nbsp; 16\/1<\/strong><\/p>\n\n\n\n<p class=\"wp-block-paragraph\"><strong>Los 144.000 y la gran Multitud emprenden el viaje hacia la patria celestial:<\/strong><\/p>\n\n\n\n<p class=\"wp-block-paragraph\"><strong>1 Tesalonicenses 4:15-18<\/strong> \u201cPor eso os decimos en Palabra del Se\u00f1or, que nosotros que vivimos, que habremos quedado hasta la venida del Se\u00f1or, no precederemos a los que durmieron. Porque el mismo Se\u00f1or descender\u00e1 del cielo con aclamaci\u00f3n, con voz de arc\u00e1ngel, y con trompeta de Dios, y los muertos en Cristo resucitar\u00e1n primero. Luego nosotros, los que vivamos, los que hayamos quedado, seremos arrebatados junto con ellos en las nubes, a recibir al Se\u00f1or en el aire.&nbsp; Y as\u00ed estaremos siempre con el Se\u00f1or. Por tanto, alentaos unos a otros con estas palabras.<\/p>\n\n\n\n<p class=\"wp-block-paragraph\"><strong>Mateo 24:31<\/strong> \u201c&#8221;Y enviar\u00e1 a sus \u00e1ngeles con gran voz de trompeta, y juntar\u00e1n a sus elegidos de los cuatro vientos, desde un extremo del cielo hasta el otro.\u201d<\/p>\n\n\n\n<p class=\"wp-block-paragraph\">\u201cLos justos vivos son mudados &#8220;en un momento, en un abrir de ojo.&#8221; A la voz de Dios fueron glorificados; ahora son hechos inmortales, y juntamente con los santos resucitados son arrebatados para recibir a Cristo su Se\u00f1or en los aires. Los \u00e1ngeles &#8220;juntar\u00e1n sus escogidos de los cuatro vientos, de un cabo del cielo hasta el otro.&#8221; Santos \u00e1ngeles llevan ni\u00f1itos a los brazos de sus madres. Amigos, a quienes la muerte ten\u00eda separados desde largo tiempo, se re\u00fanen para no separarse m\u00e1s, y con cantos de alegr\u00eda suben juntos a la ciudad de Dios.<\/p>\n\n\n\n<p class=\"wp-block-paragraph\">En cada lado del carro nebuloso hay alas, y debajo de ellas, ruedas vivientes; y mientras el carro asciende las ruedas gritan: &#8220;\u00a1Santo!&#8221; y las alas, al moverse, gritan: &#8220;\u00a1Santo!&#8221; y el cortejo de los \u00e1ngeles exclama: &#8220;\u00a1Santo, santo, santo, es el Se\u00f1or Dios, el Todopoderoso!&#8221; Y los redimidos exclaman: &#8220;\u00a1Aleluya!&#8221; mientras el carro se adelanta hacia la nueva Jerusal\u00e9n.\u201d <strong>C.S. 703\/2-3<\/strong><\/p>\n\n\n\n<p class=\"wp-block-paragraph\">\u201cJuntos entramos en la nube y durante siete d\u00edas fuimos ascendiendo al mar de vidrio, donde Jes\u00fas sac\u00f3 coronas y nos las ci\u00f1\u00f3 con su propia mano.&nbsp; Nos dio tambi\u00e9n arpas de oro y palmas de victoria.&nbsp; En el mar de vidrio, los 144,000 formaban un cuadrado perfecto.\u201d<strong>P.E. 16\/2pp<\/strong><\/p>\n\n\n\n<p class=\"wp-block-paragraph\">\u201cA cada lado del carro de nubes hab\u00eda alas, y debajo, ruedas vivientes.&nbsp; Al girar las ruedas exclamaban &#8220;\u00a1Santo!&#8221; y al batir las alas, gritaban &#8220;\u00a1Santo!&#8221; La comitiva de santos \u00e1ngeles que rodeaba la nube exclamaba: &#8220;\u00a1Santo, santo, santo, Se\u00f1or Dios omnipotentes&#8221;?! Los santos que estaban en la nube exclamaban: &#8220;\u00a1Gloria! \u00a1Aleluya!&#8221; y el carro de nubes sub\u00eda hacia la santa ciudad.&nbsp; Antes de entrar en ella, se ordenaron los santos en un cuadrado perfecto con Jes\u00fas en el centro.&nbsp; Sobresal\u00eda de cabeza y hombros por encima de los santos y de los \u00e1ngeles, de modo que todos los del cuadro pod\u00edan ver su majestuosa figura y amable continente.\u201d <strong>P.E. 287\/2<\/strong><\/p>\n\n\n\n<p class=\"wp-block-paragraph\"><strong>Preguntas:<\/strong><\/p>\n\n\n\n<ol class=\"wp-block-list\">\n<li><strong>\u00bfQu\u00e9 suceder\u00e1 con los que no fueron sellados, habiendo conocido y entendido el triple mensaje ang\u00e9lico?<\/strong><\/li>\n<\/ol>\n\n\n\n<p class=\"wp-block-paragraph\">\u201cVi que muchos descuidaban la preparaci\u00f3n necesaria, esperando que el tiempo del &#8220;refrigerio&#8221; y la &#8220;lluvia tard\u00eda&#8221; los preparase para sostenerse en el d\u00eda del Se\u00f1or y vivir en su presencia. \u00a1Oh! \u00a1y a cu\u00e1ntos vi sin amparo en el tiempo de angustia!&nbsp; Hab\u00edan descuidado la preparaci\u00f3n necesaria, y por lo tanto no pod\u00edan recibir el refrigerio indispensable para sobrevivir a la vista de un Dios santo\u2026\u2026Vi que nadie podr\u00e1 participar del &#8220;refrigerio&#8221; a menos que haya vencido todas las tentaciones y triunfado del orgullo, el ego\u00edsmo, el amor al mundo y toda palabra y obra malas.&nbsp; Por lo tanto, debemos acercarnos m\u00e1s y m\u00e1s al Se\u00f1or y buscar anhelosamente la preparaci\u00f3n necesaria que nos habilite para permanecer firmes en la batalla, en el d\u00eda del Se\u00f1or.&nbsp; Recuerden todos que Dios es santo y que \u00fanicamente seres santos podr\u00e1n morar alguna vez en su presencia.\u201d <strong>P.E. 71\/1<\/strong>&nbsp;&nbsp;<\/p>\n\n\n\n<p class=\"wp-block-paragraph\">\u201cEntonces se me mostr\u00f3 una hueste que aullaba de agon\u00eda. Sobre sus vestiduras estaba escrito en grandes caracteres: &#8220;Pesado has sido en balanza, y fuiste hallado falto.&#8221; Pregunt\u00e9 acerca de qui\u00e9nes formaban esta hueste.&nbsp; El \u00e1ngel me dijo: &#8220;Estos son los que una vez guardaron el s\u00e1bado y lo abandonaron.&#8221; Los o\u00ed clamar en alta voz: &#8220;Cre\u00edmos en tu venida, y la proclamamos con energ\u00eda.&#8221; Y&nbsp; mientras hablaban, sus miradas ca\u00edan sobre sus vestiduras, ve\u00edan lo escrito y prorrump\u00edan en llanto.&nbsp; Vi que hab\u00edan bebido de las aguas profundas, y hollado el residuo con los pies pisoteado el s\u00e1bado- y que por esto hab\u00edan sido pesados en la balanza y hallados faltos.\u201d <strong>P.E<\/strong>. <strong>37\/0sp<\/strong><\/p>\n\n\n\n<p class=\"wp-block-paragraph\">\u201cNuestra propia conducta determina si recibiremos el sello del Dios viviente, o si seremos abatidos por las armas destructoras.\u201d <strong>Joyas 2 Pag. 67\/2pp<\/strong><\/p>\n\n\n\n<ol start=\"2\" class=\"wp-block-list\">\n<li><strong>\u00bfDespu\u00e9s de 1844; a\u00f1o en que comenz\u00f3 el sellamiento del pueblo de Dios, han muerto personas fieles que formaran parte de la gran multitud de Apocalipsis 7:9?<\/strong><\/li>\n<\/ol>\n\n\n\n<p class=\"wp-block-paragraph\"><strong>Romanos 2:6-16<\/strong> \u201cDios pagar\u00e1 a cada uno seg\u00fan sus obras: Vida eterna a los que perseveran en bien hacer, y buscan gloria, honra e inmortalidad; pero ira y enojo a los que son contenciosos, y no obedecen a la verdad, sino que obedecen a la injusticia. Tribulaci\u00f3n y angustia sobre toda persona que obra lo malo; primero al jud\u00edo y tambi\u00e9n al griego. Pero gloria, honra y paz a todo el que obra el bien; al jud\u00edo primero y tambi\u00e9n al griego. Porque ante Dios no hay distinci\u00f3n de personas. As\u00ed, todos los que pecaron sin la Ley, sin la Ley tambi\u00e9n perecer\u00e1n, y todos los que pecaron bajo la Ley, por la Ley ser\u00e1n juzgados. Porque no los oidores de la Ley son justos ante Dios, sino los cumplidores de la Ley ser\u00e1n justificados. Porque cuando los gentiles que no tienen ley, hacen por naturaleza lo que es de la Ley; los tales, aunque no tengan ley, ellos son ley para s\u00ed mismos. Muestran la obra de la Ley escrita en sus corazones.&nbsp; Su propia conciencia lo atestigua, y sus propios pensamientos los acusan o los defienden, el d\u00eda en que, conforme a mi evangelio, Dios juzgue por Jesucristo, los secretos de los hombres.\u201d<\/p>\n\n\n\n<p class=\"wp-block-paragraph\">\u201cSe dice que Babilonia es &#8220;madre de las rameras.&#8221; Sus hijas deben simbolizar las iglesias que se atienen a sus doctrinas y tradiciones, y siguen su ejemplo sacrificando la verdad y la aprobaci\u00f3n de Dios, para formar alianza il\u00edcita con el mundo. El mensaje de Apocalipsis 14, que anuncia la ca\u00edda de Babilonia, debe aplicarse a comunidades religiosas que un tiempo fueron puras y luego se han corrompido. En vista de que este mensaje sigue al aviso del juicio, debe ser proclamado en los \u00faltimos d\u00edas, y no puede por consiguiente referirse s\u00f3lo a la iglesia romana, pues dicha iglesia est\u00e1 en condici\u00f3n ca\u00edda desde hace muchos siglos. Adem\u00e1s, en el cap\u00edtulo 18 del Apocalipsis se exhorta al pueblo de Dios a que salga de Babilonia. Seg\u00fan este pasaje de la Escritura, muchos del pueblo de Dios deben estar a\u00fan en Babilonia. \u00bfY en qu\u00e9 comunidades religiosas se encuentra actualmente la mayor\u00eda de los disc\u00edpulos de Cristo? Sin duda alguna, en las varias iglesias que profesan la fe protestante. Al nacer, esas iglesias se decidieron noblemente por Dios y la verdad, y la bendici\u00f3n divina las acompa\u00f1\u00f3. Aun el mundo incr\u00e9dulo se vio obligado a reconocer los felices resultados de la aceptaci\u00f3n de los principios del Evangelio. Se les aplican las palabras del profeta a Israel: &#8220;Sali\u00f3 tu renombre entre las naciones, en atenci\u00f3n a tu hermosura, la cual era perfecta, a causa de mis adornos, que yo hab\u00eda puesto sobre ti, dice Jehov\u00e1 el Se\u00f1or.&#8221; Pero esas iglesias cayeron v\u00edctimas del mismo deseo que caus\u00f3 la maldici\u00f3n y la ruina de Israel: el 434 deseo de imitar las pr\u00e1cticas de los imp\u00edos y de buscar su amistad. &#8220;Pusiste tu confianza en tu hermosura, y te prostitu\u00edste a causa de tu renombre.&#8221; (Ezequiel 16: 14, 15, V.M.)\u201d <strong>C.S 433\/1; 434\/0<\/strong>&nbsp;<\/p>\n\n\n\n<p class=\"wp-block-paragraph\">\u201cA pesar de las tinieblas espirituales y del alejamiento de Dios que se observan en las iglesias que constituyen Babilonia, la mayor\u00eda de los verdaderos disc\u00edpulos de Cristo se encuentran a\u00fan en el seno de ellas. Muchos de ellos no han o\u00eddo nunca proclamar las verdades especiales para nuestro tiempo. No pocos est\u00e1n descontentos con su estado actual y tienen sed de m\u00e1s luz. En vano buscan el esp\u00edritu de Cristo en las iglesias a las cuales pertenecen. Como estas congregaciones se apartan m\u00e1s y m\u00e1s de la verdad y se van uniendo m\u00e1s y m\u00e1s con el mundo, la diferencia entre ambas categor\u00edas de cristianos se ir\u00e1 acentuando hasta quedar consumada la separaci\u00f3n. Llegar\u00e1 el d\u00eda en que los que aman a Dios sobre todas las cosas no podr\u00e1n permanecer unidos con los que son &#8220;amadores de los placeres, m\u00e1s bien que amadores de Dios; teniendo la forma de la piedad, mas negando el poder de ella.&#8221;\u201d <strong>C.S. 441\/1<\/strong><\/p>\n\n\n\n<p class=\"wp-block-paragraph\">\u201cMi atenci\u00f3n fue entonces dirigida a Guillermo Miller.&nbsp; Parec\u00eda perplejo y postrado por la ansiedad y la angustia que sent\u00eda por su pueblo.&nbsp; La agrupaci\u00f3n que hab\u00eda estado unida y llena de amor en 1844 estaba perdiendo su afecto, oponi\u00e9ndose sus miembros unos a otros, y cayendo en una condici\u00f3n de frialdad y apostas\u00eda.&nbsp; Cuando \u00e9l ve\u00eda esto, el pesar ro\u00eda sus fuerzas.&nbsp; Vi que ciertos dirigentes le vigilaban, temerosos de que recibiese el mensaje del tercer \u00e1ngel y los mandamientos de Dios.&nbsp; Y cuando \u00e9l se inclinaba hacia la luz del cielo, esos hombres maquinaban alg\u00fan plan para desviar su atenci\u00f3n.&nbsp; Una influencia humana era ejercida para mantenerlo en las tinieblas y conservar su influencia entre los que se opon\u00edan a la verdad.&nbsp; Por \u00faltimo, Guillermo Miller levant\u00f3 la voz contra la luz del cielo.&nbsp; Fracas\u00f3 al no recibir el mensaje que habr\u00eda explicado m\u00e1s plenamente su chasco, arrojado luz y gloria sobre el pasado, reavivado sus energ\u00edas agotadas, despertado su esperanza y le hab\u00eda inducido a glorificar a Dios.&nbsp; Se apoy\u00f3 en la sabidur\u00eda humana en vez de la divina, pero como estaba quebrantado por la edad y sus arduas labores en la causa del Maestro, no fue tan responsable como los que le mantuvieron separado de la verdad.&nbsp; Ellos son los responsables; el pecado recae sobre ellos.<\/p>\n\n\n\n<p class=\"wp-block-paragraph\">Si Guillermo Miller hubiese podido ver la luz del tercer mensaje, habr\u00edan quedado explicadas para \u00e9l muchas cosas que le parecieron obscuras y misteriosas.&nbsp; Pero sus hermanos le profesaron tanto inter\u00e9s y un amor tan profundo, que a&nbsp; \u00e9l le pareci\u00f3 que no pod\u00eda apartarse de ellos.&nbsp; Su coraz\u00f3n se inclinaba hacia la verdad, y luego miraba a sus hermanos; y estos se opon\u00edan a ella. \u00bfPod\u00eda separarse de aquellos que&nbsp; hab\u00edan estado a su lado mientras proclamaba la venida de Jes\u00fas?&nbsp; Consider\u00f3 que de ninguna manera querr\u00edan ellos extraviarle.<\/p>\n\n\n\n<p class=\"wp-block-paragraph\">Dios permiti\u00f3 que cayese bajo el poder de Satan\u00e1s, o sea el dominio de la muerte, y lo ocult\u00f3 en la tumba para resguardarle de aquellos que procuraban constantemente apartarle de la verdad.&nbsp; Mois\u00e9s err\u00f3 cuando estaba por entrar en la tierra prometida.&nbsp; As\u00ed tambi\u00e9n, vi que Guillermo Miller err\u00f3 cuando estaba por entrar en la Cana\u00e1n celestial, al permitir que su influencia se opusiese a la verdad.&nbsp; Otros le indujeron a esto; otros tendr\u00e1n que dar cuenta de ello.&nbsp; Pero los \u00e1ngeles ve\u00edan sobre el precioso polvo de este siervo de Dios, y resucitar\u00e1 cuando sea tocada la \u00faltima trompeta.\u201d <strong>P.E 257\/1,2; 258\/0,1<\/strong><\/p>\n\n\n\n<ol start=\"3\" class=\"wp-block-list\">\n<li><strong>Los 144.000 est\u00e1n conformados por las 12 tribus de Israel y no por personas de nuestra \u00e9poca:<\/strong><\/li>\n<\/ol>\n\n\n\n<p class=\"wp-block-paragraph\">\u201c<strong>Romanos 9:6-8<\/strong> \u201cNo es que la Palabra de Dios haya fallado, sino que no todos los&nbsp; &nbsp; &nbsp; &nbsp; &nbsp; que descienden de Israel son israelitas, ni por ser descendientes de Abrah\u00e1n, son todos hijos. Sino que: &#8220;En Isaac te ser\u00e1 llamada descendencia&#8221;.Esto quiere decir, que no los hijos seg\u00fan la carne son los hijos de Dios, sino los hijos de la promesa son contados como descendientes.\u201d<\/p>\n\n\n\n<p class=\"wp-block-paragraph\"><strong>Romanos 2:29<\/strong> \u201cAl contrario, es verdadero jud\u00edo el que lo es en su interior, y la verdadera circuncisi\u00f3n es la del coraz\u00f3n, por medio del Esp\u00edritu, no en letra.&nbsp; Este recibe la alabanza, no de los hombres, sino de Dios.\u201d<\/p>\n\n\n\n<p class=\"wp-block-paragraph\">Leer libro las doce tribus de Israel y los 144.000.<\/p>\n\n\n\n<p class=\"wp-block-paragraph\"><strong>Conclusi\u00f3n:<\/strong><\/p>\n\n\n\n<p class=\"wp-block-paragraph\">\u201cEl Se\u00f1or tiene un pueblo sobre la tierra que sigue al Cordero por donde quiera que va.&nbsp; Tiene a sus miles que no se han arrodillado delante de Baal.&nbsp; Los tales estar\u00e1n con \u00e9l sobre el monte de Si\u00f3n.&nbsp; Pero deben estar en esta tierra ce\u00f1idos con toda la armadura, listos para emprender la obra de salvar a aquellos que est\u00e1n a punto de perecer.&nbsp; \u00c1ngeles celestiales dirigen esta b\u00fasqueda, y a todos los que creen la verdad presente se les pide que sean activos espiritualmente para que puedan unirse con los \u00e1ngeles en su obra.<\/p>\n\n\n\n<p class=\"wp-block-paragraph\">Para seguir a Cristo no necesitamos esperar hasta que seamos trasladados.&nbsp; El pueblo de Dios puede hacer eso en esta tierra.&nbsp; S\u00f3lo podremos seguir al Cordero de Dios en los atrios celestiales, si lo seguimos aqu\u00ed.&nbsp; Que lo sigamos en el cielo depende de que guardemos ahora sus mandamientos.&nbsp; No debemos seguir a Cristo espor\u00e1dica o caprichosamente, s\u00f3lo cuando nos conviene.<\/p>\n\n\n\n<p class=\"wp-block-paragraph\">Nuestra elecci\u00f3n debe ser la de seguir a Cristo.&nbsp; Debemos seguir su ejemplo en la vida diaria, as\u00ed como un reba\u00f1o confiadamente sigue a su pastor.&nbsp; Debemos seguirlo sufriendo por su causa y diciendo a cada paso: &#8220;Aunque \u00e9l me matare, en \u00e9l esperar\u00e9&#8221;.&nbsp; La forma en que \u00e9l vivi\u00f3 debe ser el modelo de nuestra vida.&nbsp; Y al procurar as\u00ed ser semejantes a \u00e9l y al poner nuestra voluntad en conformidad con la suya, lo revelaremos a \u00e9l (RH 12- 4- 1898).\u201d <strong>C.B. Helena de White Tomo 7 Pag. 989<\/strong><\/p>\n\n\n\n<hr class=\"wp-block-separator has-alpha-channel-opacity is-style-wide\"\/>\n\n\n  \n  \n  <div class=\"\n    mailpoet_form_popup_overlay\n      \"><\/div>\n  <div\n    id=\"mailpoet_form_1\"\n    class=\"\n      mailpoet_form\n      mailpoet_form_html\n      mailpoet_form_position_\n      mailpoet_form_animation_\n    \"\n      >\n\n    <style type=\"text\/css\">\n     #mailpoet_form_1 .mailpoet_form {  }\n#mailpoet_form_1 form { margin-bottom: 0; }\n#mailpoet_form_1 p.mailpoet_form_paragraph.last { margin-bottom: 5px; }\n#mailpoet_form_1 h2.mailpoet-heading { margin-bottom: 20px; margin-top: 0; }\n#mailpoet_form_1 .mailpoet_column_with_background { padding: 10px; }\n#mailpoet_form_1 .mailpoet_form_column:not(:first-child) { margin-left: 20px; }\n#mailpoet_form_1 .mailpoet_paragraph { line-height: 20px; margin-bottom: 20px; }\n#mailpoet_form_1 .mailpoet_segment_label, #mailpoet_form_1 .mailpoet_text_label, #mailpoet_form_1 .mailpoet_textarea_label, #mailpoet_form_1 .mailpoet_select_label, #mailpoet_form_1 .mailpoet_radio_label, #mailpoet_form_1 .mailpoet_checkbox_label, #mailpoet_form_1 .mailpoet_list_label, #mailpoet_form_1 .mailpoet_date_label { display: block; font-weight: normal; }\n#mailpoet_form_1 .mailpoet_text, #mailpoet_form_1 .mailpoet_textarea, #mailpoet_form_1 .mailpoet_select, #mailpoet_form_1 .mailpoet_date_month, #mailpoet_form_1 .mailpoet_date_day, #mailpoet_form_1 .mailpoet_date_year, #mailpoet_form_1 .mailpoet_date { display: block; }\n#mailpoet_form_1 .mailpoet_text, #mailpoet_form_1 .mailpoet_textarea { width: 200px; }\n#mailpoet_form_1 .mailpoet_checkbox {  }\n#mailpoet_form_1 .mailpoet_submit {  }\n#mailpoet_form_1 .mailpoet_divider {  }\n#mailpoet_form_1 .mailpoet_message {  }\n#mailpoet_form_1 .mailpoet_form_loading { width: 30px; text-align: center; line-height: normal; }\n#mailpoet_form_1 .mailpoet_form_loading > span { width: 5px; height: 5px; background-color: #5b5b5b; }#mailpoet_form_1{border-radius: 10px;text-align: center;}#mailpoet_form_1 form.mailpoet_form {padding: 35px;}#mailpoet_form_1{width: 100%;}#mailpoet_form_1 .mailpoet_message {margin: 0; padding: 0 20px;}\n        #mailpoet_form_1 .mailpoet_validate_success {color: #0693e3}\n        #mailpoet_form_1 input.parsley-success {color: #0693e3}\n        #mailpoet_form_1 select.parsley-success {color: #0693e3}\n        #mailpoet_form_1 textarea.parsley-success {color: #0693e3}\n      \n        #mailpoet_form_1 .mailpoet_validate_error {color: #cf2e2e}\n        #mailpoet_form_1 input.parsley-error {color: #cf2e2e}\n        #mailpoet_form_1 select.parsley-error {color: #cf2e2e}\n        #mailpoet_form_1 textarea.textarea.parsley-error {color: #cf2e2e}\n        #mailpoet_form_1 .parsley-errors-list {color: #cf2e2e}\n        #mailpoet_form_1 .parsley-required {color: #cf2e2e}\n        #mailpoet_form_1 .parsley-custom-error-message {color: #cf2e2e}\n      #mailpoet_form_1 .mailpoet_paragraph.last {margin-bottom: 0} @media (max-width: 500px) {#mailpoet_form_1 {background-image: none;}} @media (min-width: 500px) {#mailpoet_form_1 .last .mailpoet_paragraph:last-child {margin-bottom: 0}}  @media (max-width: 500px) {#mailpoet_form_1 .mailpoet_form_column:last-child .mailpoet_paragraph:last-child {margin-bottom: 0}} \n    <\/style>\n\n    <form\n      target=\"_self\"\n      method=\"post\"\n      action=\"https:\/\/reformacolombia.org\/wp-admin\/admin-post.php?action=mailpoet_subscription_form\"\n      class=\"mailpoet_form mailpoet_form_form mailpoet_form_html\"\n      novalidate\n      data-delay=\"\"\n      data-exit-intent-enabled=\"\"\n      data-trigger-mode=\"\"\n      data-click-trigger-selector=\"\"\n      data-font-family=\"\"\n      data-cookie-expiration-time=\"\"\n    >\n      <input type=\"hidden\" name=\"data[form_id]\" value=\"1\" \/>\n      <input type=\"hidden\" name=\"token\" value=\"c6ab8e62ef\" \/>\n      <input type=\"hidden\" name=\"api_version\" value=\"v1\" \/>\n      <input type=\"hidden\" name=\"endpoint\" value=\"subscribers\" \/>\n      <input type=\"hidden\" name=\"mailpoet_method\" value=\"subscribe\" \/>\n\n      <label class=\"mailpoet_hp_email_label\" style=\"display: none !important;\">Please leave this field empty<input type=\"email\" name=\"data[email]\"\/><\/label><h2 class=\"mailpoet-heading  mailpoet-has-font-size\" style=\"text-align: center; color: #38527a; font-size: 20px; line-height: 1.5\">Recibe actualizaciones de la Uni\u00f3n Colombiana ASDMR<\/h2>\n<div class=\"mailpoet_paragraph \"><style>input[name=\"data[form_field_YmU4N2IzYjY0YjAyX2VtYWls]\"]::placeholder{color:#38527a;opacity: 1;}<\/style><input type=\"email\" autocomplete=\"email\" class=\"mailpoet_text\" id=\"form_email_1\" name=\"data[form_field_YmU4N2IzYjY0YjAyX2VtYWls]\" title=\"Direcci\u00f3n de correo electr\u00f3nico\" value=\"\" style=\"width:100%;box-sizing:border-box;background-color:#f8fbff;border-style:solid;border-radius:10px !important;border-width:0px;border-color:#38527a;padding:16px;margin: 0 auto;font-family:&#039;Montserrat&#039;;font-size:16px;line-height:1.5;height:auto;color:#38527a;\" data-automation-id=\"form_email\"  placeholder=\"Direcci\u00f3n de correo electr\u00f3nico *\" aria-label=\"Direcci\u00f3n de correo electr\u00f3nico *\" data-parsley-errors-container=\".mailpoet_error_sze8b\" data-parsley-required=\"true\" required aria-required=\"true\" data-parsley-minlength=\"6\" data-parsley-maxlength=\"150\" data-parsley-type-message=\"This value should be a valid email.\" data-parsley-required-message=\"This field is required.\"\/><span class=\"mailpoet_error_sze8b\"><\/span><\/div>\n<div class=\"mailpoet_paragraph \"><input type=\"submit\" class=\"mailpoet_submit\" value=\"\u00a1Suscribirme!\" data-automation-id=\"subscribe-submit-button\" data-font-family='Montserrat' style=\"width:100%;box-sizing:border-box;border-style:solid;border-radius:10px !important;border-width:0px;padding:16px;margin: 0 auto;font-family:&#039;Montserrat&#039;;font-size:19px;line-height:1.5;height:auto;color:#ffffff;border-color:transparent;background: linear-gradient(0deg,rgb(56,82,122) 0%,rgb(81,128,199) 100%);font-weight:bold;\" \/><span class=\"mailpoet_form_loading\"><span class=\"mailpoet_bounce1\"><\/span><span class=\"mailpoet_bounce2\"><\/span><span class=\"mailpoet_bounce3\"><\/span><\/span><\/div>\n\n      <div class=\"mailpoet_message\">\n        <p class=\"mailpoet_validate_success\"\n                style=\"display:none;\"\n                >Te hemos enviado un correo, por favor, revisa tu bandeja de entrada o la carpeta de correos no deseados para confirmar tu suscripci\u00f3n.\n        <\/p>\n        <p class=\"mailpoet_validate_error\"\n                style=\"display:none;\"\n                >        <\/p>\n      <\/div>\n    <\/form>\n\n      <\/div>\n\n  ","protected":false},"excerpt":{"rendered":"<p>Los principios de fe dicen as\u00ed: Creemos que el sellamiento significa la restauraci\u00f3n del car\u00e1cter de Dios por medio de [&hellip;]<\/p>\n","protected":false},"author":1,"featured_media":2456,"comment_status":"open","ping_status":"open","sticky":false,"template":"","format":"standard","meta":{"_uag_custom_page_level_css":"","site-sidebar-layout":"default","site-content-layout":"","ast-site-content-layout":"default","site-content-style":"default","site-sidebar-style":"default","ast-global-header-display":"","ast-banner-title-visibility":"","ast-main-header-display":"","ast-hfb-above-header-display":"","ast-hfb-below-header-display":"","ast-hfb-mobile-header-display":"","site-post-title":"","ast-breadcrumbs-content":"","ast-featured-img":"disabled","footer-sml-layout":"","ast-disable-related-posts":"","theme-transparent-header-meta":"","adv-header-id-meta":"","stick-header-meta":"","header-above-stick-meta":"","header-main-stick-meta":"","header-below-stick-meta":"","astra-migrate-meta-layouts":"set","ast-page-background-enabled":"default","ast-page-background-meta":{"desktop":{"background-color":"","background-image":"","background-repeat":"repeat","background-position":"center center","background-size":"auto","background-attachment":"scroll","background-type":"","background-media":"","overlay-type":"","overlay-color":"","overlay-opacity":"","overlay-gradient":""},"tablet":{"background-color":"","background-image":"","background-repeat":"repeat","background-position":"center center","background-size":"auto","background-attachment":"scroll","background-type":"","background-media":"","overlay-type":"","overlay-color":"","overlay-opacity":"","overlay-gradient":""},"mobile":{"background-color":"","background-image":"","background-repeat":"repeat","background-position":"center center","background-size":"auto","background-attachment":"scroll","background-type":"","background-media":"","overlay-type":"","overlay-color":"","overlay-opacity":"","overlay-gradient":""}},"ast-content-background-meta":{"desktop":{"background-color":"var(--ast-global-color-5)","background-image":"","background-repeat":"repeat","background-position":"center center","background-size":"auto","background-attachment":"scroll","background-type":"","background-media":"","overlay-type":"","overlay-color":"","overlay-opacity":"","overlay-gradient":""},"tablet":{"background-color":"var(--ast-global-color-5)","background-image":"","background-repeat":"repeat","background-position":"center center","background-size":"auto","background-attachment":"scroll","background-type":"","background-media":"","overlay-type":"","overlay-color":"","overlay-opacity":"","overlay-gradient":""},"mobile":{"background-color":"var(--ast-global-color-5)","background-image":"","background-repeat":"repeat","background-position":"center center","background-size":"auto","background-attachment":"scroll","background-type":"","background-media":"","overlay-type":"","overlay-color":"","overlay-opacity":"","overlay-gradient":""}},"_jetpack_newsletter_access":"","_jetpack_dont_email_post_to_subs":false,"_jetpack_newsletter_tier_id":0,"_jetpack_memberships_contains_paywalled_content":false,"_jetpack_feature_clip_id":0,"_jetpack_memberships_contains_paid_content":false,"footnotes":"","jetpack_post_was_ever_published":false},"categories":[14],"tags":[],"class_list":["post-2455","post","type-post","status-publish","format-standard","has-post-thumbnail","hentry","category-principios-de-fe"],"a3_pvc":{"activated":false,"total_views":0,"today_views":0},"yoast_head":"<!-- This site is optimized with the Yoast SEO plugin v28.4 - https:\/\/yoast.com\/product\/yoast-seo-wordpress\/ -->\n<title>El Sellamiento de los 144.000 - ASDMR<\/title>\n<meta name=\"description\" content=\"Ezequiel 20:12,20 \u201c&quot;Les di tambi\u00e9n mis s\u00e1bados, para que fuesen una se\u00f1al entre m\u00ed y ellos, para que supiesen que Yo Soy el Eterno que los santifico\u2026\" \/>\n<meta name=\"robots\" content=\"index, follow, max-snippet:-1, max-image-preview:large, max-video-preview:-1\" \/>\n<link rel=\"canonical\" href=\"https:\/\/reformacolombia.org\/es\/el-sellamiento-de-los-144-000-2\/\" \/>\n<meta property=\"og:locale\" content=\"es_ES\" \/>\n<meta property=\"og:type\" content=\"article\" \/>\n<meta property=\"og:title\" content=\"El Sellamiento de los 144.000\" \/>\n<meta property=\"og:description\" content=\"Ezequiel 20:12,20 \u201c&quot;Les di tambi\u00e9n mis s\u00e1bados, para que fuesen una se\u00f1al entre m\u00ed y ellos, para que supiesen que Yo Soy el Eterno que los santifico\u2026\" \/>\n<meta property=\"og:url\" content=\"https:\/\/reformacolombia.org\/es\/el-sellamiento-de-los-144-000-2\/\" \/>\n<meta property=\"og:site_name\" content=\"ASDMR\" \/>\n<meta property=\"article:publisher\" content=\"https:\/\/www.facebook.com\/asdmrTV\" \/>\n<meta property=\"article:published_time\" content=\"2024-09-17T15:40:27+00:00\" \/>\n<meta property=\"article:modified_time\" content=\"2025-04-15T15:44:26+00:00\" \/>\n<meta property=\"og:image\" content=\"https:\/\/reformacolombia.org\/wp-content\/uploads\/2025\/04\/Web-Entradas-27.jpg\" \/>\n\t<meta property=\"og:image:width\" content=\"1920\" \/>\n\t<meta property=\"og:image:height\" content=\"1080\" \/>\n\t<meta property=\"og:image:type\" content=\"image\/jpeg\" \/>\n<meta name=\"author\" content=\"administraci\u00f3n\" \/>\n<meta name=\"twitter:card\" content=\"summary_large_image\" \/>\n<meta name=\"twitter:label1\" content=\"Escrito por\" \/>\n\t<meta name=\"twitter:data1\" content=\"administraci\u00f3n\" \/>\n\t<meta name=\"twitter:label2\" content=\"Tiempo de lectura\" \/>\n\t<meta name=\"twitter:data2\" content=\"58 minutos\" \/>\n<script type=\"application\/ld+json\" class=\"yoast-schema-graph\">{\"@context\":\"https:\\\/\\\/schema.org\",\"@graph\":[{\"@type\":\"Article\",\"@id\":\"https:\\\/\\\/reformacolombia.org\\\/el-sellamiento-de-los-144-000-2\\\/#article\",\"isPartOf\":{\"@id\":\"https:\\\/\\\/reformacolombia.org\\\/el-sellamiento-de-los-144-000-2\\\/\"},\"author\":{\"name\":\"administraci\u00f3n\",\"@id\":\"https:\\\/\\\/reformacolombia.org\\\/#\\\/schema\\\/person\\\/781b5a38d4ad9126863cbe481e49f4f8\"},\"headline\":\"El Sellamiento de los 144.000\",\"datePublished\":\"2024-09-17T15:40:27+00:00\",\"dateModified\":\"2025-04-15T15:44:26+00:00\",\"mainEntityOfPage\":{\"@id\":\"https:\\\/\\\/reformacolombia.org\\\/el-sellamiento-de-los-144-000-2\\\/\"},\"wordCount\":13516,\"commentCount\":0,\"publisher\":{\"@id\":\"https:\\\/\\\/reformacolombia.org\\\/#organization\"},\"image\":{\"@id\":\"https:\\\/\\\/reformacolombia.org\\\/el-sellamiento-de-los-144-000-2\\\/#primaryimage\"},\"thumbnailUrl\":\"https:\\\/\\\/i0.wp.com\\\/reformacolombia.org\\\/wp-content\\\/uploads\\\/2025\\\/04\\\/Web-Entradas-27.jpg?fit=1920%2C1080&ssl=1\",\"articleSection\":[\"Principios de Fe\"],\"inLanguage\":\"es\",\"potentialAction\":[{\"@type\":\"CommentAction\",\"name\":\"Comment\",\"target\":[\"https:\\\/\\\/reformacolombia.org\\\/el-sellamiento-de-los-144-000-2\\\/#respond\"]}]},{\"@type\":\"WebPage\",\"@id\":\"https:\\\/\\\/reformacolombia.org\\\/el-sellamiento-de-los-144-000-2\\\/\",\"url\":\"https:\\\/\\\/reformacolombia.org\\\/el-sellamiento-de-los-144-000-2\\\/\",\"name\":\"El Sellamiento de los 144.000 - ASDMR\",\"isPartOf\":{\"@id\":\"https:\\\/\\\/reformacolombia.org\\\/#website\"},\"primaryImageOfPage\":{\"@id\":\"https:\\\/\\\/reformacolombia.org\\\/el-sellamiento-de-los-144-000-2\\\/#primaryimage\"},\"image\":{\"@id\":\"https:\\\/\\\/reformacolombia.org\\\/el-sellamiento-de-los-144-000-2\\\/#primaryimage\"},\"thumbnailUrl\":\"https:\\\/\\\/i0.wp.com\\\/reformacolombia.org\\\/wp-content\\\/uploads\\\/2025\\\/04\\\/Web-Entradas-27.jpg?fit=1920%2C1080&ssl=1\",\"datePublished\":\"2024-09-17T15:40:27+00:00\",\"dateModified\":\"2025-04-15T15:44:26+00:00\",\"description\":\"Ezequiel 20:12,20 \u201c\\\"Les di tambi\u00e9n mis s\u00e1bados, para que fuesen una se\u00f1al entre m\u00ed y ellos, para que supiesen que Yo Soy el Eterno que los santifico\u2026\",\"breadcrumb\":{\"@id\":\"https:\\\/\\\/reformacolombia.org\\\/el-sellamiento-de-los-144-000-2\\\/#breadcrumb\"},\"inLanguage\":\"es\",\"potentialAction\":[{\"@type\":\"ReadAction\",\"target\":[\"https:\\\/\\\/reformacolombia.org\\\/el-sellamiento-de-los-144-000-2\\\/\"]}]},{\"@type\":\"ImageObject\",\"inLanguage\":\"es\",\"@id\":\"https:\\\/\\\/reformacolombia.org\\\/el-sellamiento-de-los-144-000-2\\\/#primaryimage\",\"url\":\"https:\\\/\\\/i0.wp.com\\\/reformacolombia.org\\\/wp-content\\\/uploads\\\/2025\\\/04\\\/Web-Entradas-27.jpg?fit=1920%2C1080&ssl=1\",\"contentUrl\":\"https:\\\/\\\/i0.wp.com\\\/reformacolombia.org\\\/wp-content\\\/uploads\\\/2025\\\/04\\\/Web-Entradas-27.jpg?fit=1920%2C1080&ssl=1\",\"width\":1920,\"height\":1080},{\"@type\":\"BreadcrumbList\",\"@id\":\"https:\\\/\\\/reformacolombia.org\\\/el-sellamiento-de-los-144-000-2\\\/#breadcrumb\",\"itemListElement\":[{\"@type\":\"ListItem\",\"position\":1,\"name\":\"Inicio\",\"item\":\"https:\\\/\\\/reformacolombia.org\\\/\"},{\"@type\":\"ListItem\",\"position\":2,\"name\":\"El Sellamiento de los 144.000\"}]},{\"@type\":\"WebSite\",\"@id\":\"https:\\\/\\\/reformacolombia.org\\\/#website\",\"url\":\"https:\\\/\\\/reformacolombia.org\\\/\",\"name\":\"www.reformacolombia.org\",\"description\":\"Iglesia Adventista del S\u00e9ptimo D\u00eda movimiento de Reforma - ASDMR -\",\"publisher\":{\"@id\":\"https:\\\/\\\/reformacolombia.org\\\/#organization\"},\"potentialAction\":[{\"@type\":\"SearchAction\",\"target\":{\"@type\":\"EntryPoint\",\"urlTemplate\":\"https:\\\/\\\/reformacolombia.org\\\/?s={search_term_string}\"},\"query-input\":{\"@type\":\"PropertyValueSpecification\",\"valueRequired\":true,\"valueName\":\"search_term_string\"}}],\"inLanguage\":\"es\"},{\"@type\":\"Organization\",\"@id\":\"https:\\\/\\\/reformacolombia.org\\\/#organization\",\"name\":\"Adventistas del S\u00e9ptimo D\u00eda Movimiento de Reforma\",\"url\":\"https:\\\/\\\/reformacolombia.org\\\/\",\"logo\":{\"@type\":\"ImageObject\",\"inLanguage\":\"es\",\"@id\":\"https:\\\/\\\/reformacolombia.org\\\/#\\\/schema\\\/logo\\\/image\\\/\",\"url\":\"https:\\\/\\\/reformacolombia.org\\\/wp-content\\\/uploads\\\/2024\\\/11\\\/logo_01.png\",\"contentUrl\":\"https:\\\/\\\/reformacolombia.org\\\/wp-content\\\/uploads\\\/2024\\\/11\\\/logo_01.png\",\"width\":1596,\"height\":670,\"caption\":\"Adventistas del S\u00e9ptimo D\u00eda Movimiento de Reforma\"},\"image\":{\"@id\":\"https:\\\/\\\/reformacolombia.org\\\/#\\\/schema\\\/logo\\\/image\\\/\"},\"sameAs\":[\"https:\\\/\\\/www.facebook.com\\\/asdmrTV\"]},{\"@type\":\"Person\",\"@id\":\"https:\\\/\\\/reformacolombia.org\\\/#\\\/schema\\\/person\\\/781b5a38d4ad9126863cbe481e49f4f8\",\"name\":\"administraci\u00f3n\",\"image\":{\"@type\":\"ImageObject\",\"inLanguage\":\"es\",\"@id\":\"https:\\\/\\\/secure.gravatar.com\\\/avatar\\\/6639b2b4a7e3e288d674bff33f2b18df535ae6e7b89f7b46a13cf2467b33bbba?s=96&d=mm&r=g\",\"url\":\"https:\\\/\\\/secure.gravatar.com\\\/avatar\\\/6639b2b4a7e3e288d674bff33f2b18df535ae6e7b89f7b46a13cf2467b33bbba?s=96&d=mm&r=g\",\"contentUrl\":\"https:\\\/\\\/secure.gravatar.com\\\/avatar\\\/6639b2b4a7e3e288d674bff33f2b18df535ae6e7b89f7b46a13cf2467b33bbba?s=96&d=mm&r=g\",\"caption\":\"administraci\u00f3n\"},\"sameAs\":[\"https:\\\/\\\/reformacolombia.org\"],\"url\":\"https:\\\/\\\/reformacolombia.org\\\/es\\\/author\\\/admin\\\/\"}]}<\/script>\n<!-- \/ Yoast SEO plugin. -->","yoast_head_json":{"title":"El Sellamiento de los 144.000 - ASDMR","description":"Ezequiel 20:12,20 \u201c\"Les di tambi\u00e9n mis s\u00e1bados, para que fuesen una se\u00f1al entre m\u00ed y ellos, para que supiesen que Yo Soy el Eterno que los santifico\u2026","robots":{"index":"index","follow":"follow","max-snippet":"max-snippet:-1","max-image-preview":"max-image-preview:large","max-video-preview":"max-video-preview:-1"},"canonical":"https:\/\/reformacolombia.org\/es\/el-sellamiento-de-los-144-000-2\/","og_locale":"es_ES","og_type":"article","og_title":"El Sellamiento de los 144.000","og_description":"Ezequiel 20:12,20 \u201c\"Les di tambi\u00e9n mis s\u00e1bados, para que fuesen una se\u00f1al entre m\u00ed y ellos, para que supiesen que Yo Soy el Eterno que los santifico\u2026","og_url":"https:\/\/reformacolombia.org\/es\/el-sellamiento-de-los-144-000-2\/","og_site_name":"ASDMR","article_publisher":"https:\/\/www.facebook.com\/asdmrTV","article_published_time":"2024-09-17T15:40:27+00:00","article_modified_time":"2025-04-15T15:44:26+00:00","og_image":[{"width":1920,"height":1080,"url":"https:\/\/reformacolombia.org\/wp-content\/uploads\/2025\/04\/Web-Entradas-27.jpg","type":"image\/jpeg"}],"author":"administraci\u00f3n","twitter_card":"summary_large_image","twitter_misc":{"Escrito por":"administraci\u00f3n","Tiempo de lectura":"58 minutos"},"schema":{"@context":"https:\/\/schema.org","@graph":[{"@type":"Article","@id":"https:\/\/reformacolombia.org\/el-sellamiento-de-los-144-000-2\/#article","isPartOf":{"@id":"https:\/\/reformacolombia.org\/el-sellamiento-de-los-144-000-2\/"},"author":{"name":"administraci\u00f3n","@id":"https:\/\/reformacolombia.org\/#\/schema\/person\/781b5a38d4ad9126863cbe481e49f4f8"},"headline":"El Sellamiento de los 144.000","datePublished":"2024-09-17T15:40:27+00:00","dateModified":"2025-04-15T15:44:26+00:00","mainEntityOfPage":{"@id":"https:\/\/reformacolombia.org\/el-sellamiento-de-los-144-000-2\/"},"wordCount":13516,"commentCount":0,"publisher":{"@id":"https:\/\/reformacolombia.org\/#organization"},"image":{"@id":"https:\/\/reformacolombia.org\/el-sellamiento-de-los-144-000-2\/#primaryimage"},"thumbnailUrl":"https:\/\/i0.wp.com\/reformacolombia.org\/wp-content\/uploads\/2025\/04\/Web-Entradas-27.jpg?fit=1920%2C1080&ssl=1","articleSection":["Principios de Fe"],"inLanguage":"es","potentialAction":[{"@type":"CommentAction","name":"Comment","target":["https:\/\/reformacolombia.org\/el-sellamiento-de-los-144-000-2\/#respond"]}]},{"@type":"WebPage","@id":"https:\/\/reformacolombia.org\/el-sellamiento-de-los-144-000-2\/","url":"https:\/\/reformacolombia.org\/el-sellamiento-de-los-144-000-2\/","name":"El Sellamiento de los 144.000 - ASDMR","isPartOf":{"@id":"https:\/\/reformacolombia.org\/#website"},"primaryImageOfPage":{"@id":"https:\/\/reformacolombia.org\/el-sellamiento-de-los-144-000-2\/#primaryimage"},"image":{"@id":"https:\/\/reformacolombia.org\/el-sellamiento-de-los-144-000-2\/#primaryimage"},"thumbnailUrl":"https:\/\/i0.wp.com\/reformacolombia.org\/wp-content\/uploads\/2025\/04\/Web-Entradas-27.jpg?fit=1920%2C1080&ssl=1","datePublished":"2024-09-17T15:40:27+00:00","dateModified":"2025-04-15T15:44:26+00:00","description":"Ezequiel 20:12,20 \u201c\"Les di tambi\u00e9n mis s\u00e1bados, para que fuesen una se\u00f1al entre m\u00ed y ellos, para que supiesen que Yo Soy el Eterno que los santifico\u2026","breadcrumb":{"@id":"https:\/\/reformacolombia.org\/el-sellamiento-de-los-144-000-2\/#breadcrumb"},"inLanguage":"es","potentialAction":[{"@type":"ReadAction","target":["https:\/\/reformacolombia.org\/el-sellamiento-de-los-144-000-2\/"]}]},{"@type":"ImageObject","inLanguage":"es","@id":"https:\/\/reformacolombia.org\/el-sellamiento-de-los-144-000-2\/#primaryimage","url":"https:\/\/i0.wp.com\/reformacolombia.org\/wp-content\/uploads\/2025\/04\/Web-Entradas-27.jpg?fit=1920%2C1080&ssl=1","contentUrl":"https:\/\/i0.wp.com\/reformacolombia.org\/wp-content\/uploads\/2025\/04\/Web-Entradas-27.jpg?fit=1920%2C1080&ssl=1","width":1920,"height":1080},{"@type":"BreadcrumbList","@id":"https:\/\/reformacolombia.org\/el-sellamiento-de-los-144-000-2\/#breadcrumb","itemListElement":[{"@type":"ListItem","position":1,"name":"Inicio","item":"https:\/\/reformacolombia.org\/"},{"@type":"ListItem","position":2,"name":"El Sellamiento de los 144.000"}]},{"@type":"WebSite","@id":"https:\/\/reformacolombia.org\/#website","url":"https:\/\/reformacolombia.org\/","name":"www.reformacolombia.org","description":"Iglesia Adventista del S\u00e9ptimo D\u00eda movimiento de Reforma - ASDMR -","publisher":{"@id":"https:\/\/reformacolombia.org\/#organization"},"potentialAction":[{"@type":"SearchAction","target":{"@type":"EntryPoint","urlTemplate":"https:\/\/reformacolombia.org\/?s={search_term_string}"},"query-input":{"@type":"PropertyValueSpecification","valueRequired":true,"valueName":"search_term_string"}}],"inLanguage":"es"},{"@type":"Organization","@id":"https:\/\/reformacolombia.org\/#organization","name":"Adventistas del S\u00e9ptimo D\u00eda Movimiento de Reforma","url":"https:\/\/reformacolombia.org\/","logo":{"@type":"ImageObject","inLanguage":"es","@id":"https:\/\/reformacolombia.org\/#\/schema\/logo\/image\/","url":"https:\/\/reformacolombia.org\/wp-content\/uploads\/2024\/11\/logo_01.png","contentUrl":"https:\/\/reformacolombia.org\/wp-content\/uploads\/2024\/11\/logo_01.png","width":1596,"height":670,"caption":"Adventistas del S\u00e9ptimo D\u00eda Movimiento de Reforma"},"image":{"@id":"https:\/\/reformacolombia.org\/#\/schema\/logo\/image\/"},"sameAs":["https:\/\/www.facebook.com\/asdmrTV"]},{"@type":"Person","@id":"https:\/\/reformacolombia.org\/#\/schema\/person\/781b5a38d4ad9126863cbe481e49f4f8","name":"administraci\u00f3n","image":{"@type":"ImageObject","inLanguage":"es","@id":"https:\/\/secure.gravatar.com\/avatar\/6639b2b4a7e3e288d674bff33f2b18df535ae6e7b89f7b46a13cf2467b33bbba?s=96&d=mm&r=g","url":"https:\/\/secure.gravatar.com\/avatar\/6639b2b4a7e3e288d674bff33f2b18df535ae6e7b89f7b46a13cf2467b33bbba?s=96&d=mm&r=g","contentUrl":"https:\/\/secure.gravatar.com\/avatar\/6639b2b4a7e3e288d674bff33f2b18df535ae6e7b89f7b46a13cf2467b33bbba?s=96&d=mm&r=g","caption":"administraci\u00f3n"},"sameAs":["https:\/\/reformacolombia.org"],"url":"https:\/\/reformacolombia.org\/es\/author\/admin\/"}]}},"uagb_featured_image_src":{"full":["https:\/\/i0.wp.com\/reformacolombia.org\/wp-content\/uploads\/2025\/04\/Web-Entradas-27.jpg?fit=1920%2C1080&ssl=1",1920,1080,false],"thumbnail":["https:\/\/i0.wp.com\/reformacolombia.org\/wp-content\/uploads\/2025\/04\/Web-Entradas-27.jpg?resize=150%2C150&ssl=1",150,150,true],"medium":["https:\/\/i0.wp.com\/reformacolombia.org\/wp-content\/uploads\/2025\/04\/Web-Entradas-27.jpg?fit=300%2C169&ssl=1",300,169,true],"medium_large":["https:\/\/i0.wp.com\/reformacolombia.org\/wp-content\/uploads\/2025\/04\/Web-Entradas-27.jpg?fit=768%2C432&ssl=1",768,432,true],"large":["https:\/\/i0.wp.com\/reformacolombia.org\/wp-content\/uploads\/2025\/04\/Web-Entradas-27.jpg?fit=1024%2C576&ssl=1",1024,576,true],"1536x1536":["https:\/\/i0.wp.com\/reformacolombia.org\/wp-content\/uploads\/2025\/04\/Web-Entradas-27.jpg?fit=1536%2C864&ssl=1",1536,864,true],"2048x2048":["https:\/\/i0.wp.com\/reformacolombia.org\/wp-content\/uploads\/2025\/04\/Web-Entradas-27.jpg?fit=1920%2C1080&ssl=1",1920,1080,true],"trp-custom-language-flag":["https:\/\/i0.wp.com\/reformacolombia.org\/wp-content\/uploads\/2025\/04\/Web-Entradas-27.jpg?fit=18%2C10&ssl=1",18,10,true],"mailpoet_newsletter_max":["https:\/\/i0.wp.com\/reformacolombia.org\/wp-content\/uploads\/2025\/04\/Web-Entradas-27.jpg?fit=1320%2C743&ssl=1",1320,743,true]},"uagb_author_info":{"display_name":"administraci\u00f3n","author_link":"https:\/\/reformacolombia.org\/es\/author\/admin\/"},"uagb_comment_info":0,"uagb_excerpt":"Los principios de fe dicen as\u00ed: Creemos que el sellamiento significa la restauraci\u00f3n del car\u00e1cter de Dios por medio de [&hellip;]","jetpack_sharing_enabled":true,"jetpack-related-posts":[{"id":1986,"url":"https:\/\/reformacolombia.org\/es\/el-sellamiento-de-los-144-000\/","url_meta":{"origin":2455,"position":0},"title":"El Sellamiento de los 144.000","author":"administraci\u00f3n","date":"21\/07\/2024","format":false,"excerpt":"Una de las m\u00e1s interesantes y al mismo tiempo la doctrina m\u00e1s controversial entre los observadores del s\u00e1bado en estos \u00faltimos d\u00edas es el mensaje de Apocalipsis cap\u00edtulo siete. Este tema del sellamiento de los 144.000 ha sido largamente agitado entre los serios estudiantes de la Biblia y del Esp\u00edritu\u2026","rel":"","context":"En \u00abHistoria\u00bb","block_context":{"text":"Historia","link":"https:\/\/reformacolombia.org\/es\/category\/historia\/"},"img":{"alt_text":"","src":"https:\/\/i0.wp.com\/reformacolombia.org\/wp-content\/uploads\/2024\/12\/144000.jpg?fit=1200%2C675&ssl=1&resize=350%2C200","width":350,"height":200,"srcset":"https:\/\/i0.wp.com\/reformacolombia.org\/wp-content\/uploads\/2024\/12\/144000.jpg?fit=1200%2C675&ssl=1&resize=350%2C200 1x, https:\/\/i0.wp.com\/reformacolombia.org\/wp-content\/uploads\/2024\/12\/144000.jpg?fit=1200%2C675&ssl=1&resize=525%2C300 1.5x, https:\/\/i0.wp.com\/reformacolombia.org\/wp-content\/uploads\/2024\/12\/144000.jpg?fit=1200%2C675&ssl=1&resize=700%2C400 2x, https:\/\/i0.wp.com\/reformacolombia.org\/wp-content\/uploads\/2024\/12\/144000.jpg?fit=1200%2C675&ssl=1&resize=1050%2C600 3x"},"classes":[]},{"id":1966,"url":"https:\/\/reformacolombia.org\/es\/historia-denominacional\/","url_meta":{"origin":2455,"position":1},"title":"Historia Denominacional","author":"administraci\u00f3n","date":"01\/07\/2024","format":false,"excerpt":"\u201cNo tenemos nada que temer del futuro, a menos que olvidemos la manera en que el Se\u00f1or nos ha conducido, y lo que nos ha ense\u00f1ado en nuestra historia pasada\u201d. 9TI p\u00e1gina 9 https:\/\/www.youtube.com\/watch?v=sUTRWrxpmm0 La Historia de la Iglesia I https:\/\/www.youtube.com\/watch?v=OA3UMkOhKP8 La Historia de la Iglesia II https:\/\/www.youtube.com\/watch?v=iylHwp-06Pg El Mensaje\u2026","rel":"","context":"En \u00abHistoria\u00bb","block_context":{"text":"Historia","link":"https:\/\/reformacolombia.org\/es\/category\/historia\/"},"img":{"alt_text":"","src":"https:\/\/i0.wp.com\/reformacolombia.org\/wp-content\/uploads\/2024\/11\/Historia.jpg?fit=1200%2C675&ssl=1&resize=350%2C200","width":350,"height":200,"srcset":"https:\/\/i0.wp.com\/reformacolombia.org\/wp-content\/uploads\/2024\/11\/Historia.jpg?fit=1200%2C675&ssl=1&resize=350%2C200 1x, https:\/\/i0.wp.com\/reformacolombia.org\/wp-content\/uploads\/2024\/11\/Historia.jpg?fit=1200%2C675&ssl=1&resize=525%2C300 1.5x, https:\/\/i0.wp.com\/reformacolombia.org\/wp-content\/uploads\/2024\/11\/Historia.jpg?fit=1200%2C675&ssl=1&resize=700%2C400 2x, https:\/\/i0.wp.com\/reformacolombia.org\/wp-content\/uploads\/2024\/11\/Historia.jpg?fit=1200%2C675&ssl=1&resize=1050%2C600 3x"},"classes":[]},{"id":2393,"url":"https:\/\/reformacolombia.org\/es\/dios\/","url_meta":{"origin":2455,"position":2},"title":"Dios","author":"administraci\u00f3n","date":"07\/10\/2024","format":false,"excerpt":"https:\/\/www.youtube.com\/watch?v=0QMafYJUuMQ Los principios de fe dicen as\u00ed: Creemos que existe un solo Dios que ha criado por su sabidur\u00eda y omnipotencia, cielo y tierra (Exodo 20:2-3; Isa\u00edas 45:5-6,18). Dios es un ser Espiritual (Juan 4:24), Eterno\u201d, sin principio y sin fin (Apoc. 21:6), presente en todas partes (Salmo 139: 1-12);\u2026","rel":"","context":"En \u00abPrincipios de Fe\u00bb","block_context":{"text":"Principios de Fe","link":"https:\/\/reformacolombia.org\/es\/category\/principios-de-fe\/"},"img":{"alt_text":"","src":"https:\/\/i0.wp.com\/reformacolombia.org\/wp-content\/uploads\/2025\/04\/Web-Entradas-46.jpg?fit=1200%2C675&ssl=1&resize=350%2C200","width":350,"height":200,"srcset":"https:\/\/i0.wp.com\/reformacolombia.org\/wp-content\/uploads\/2025\/04\/Web-Entradas-46.jpg?fit=1200%2C675&ssl=1&resize=350%2C200 1x, https:\/\/i0.wp.com\/reformacolombia.org\/wp-content\/uploads\/2025\/04\/Web-Entradas-46.jpg?fit=1200%2C675&ssl=1&resize=525%2C300 1.5x, https:\/\/i0.wp.com\/reformacolombia.org\/wp-content\/uploads\/2025\/04\/Web-Entradas-46.jpg?fit=1200%2C675&ssl=1&resize=700%2C400 2x, https:\/\/i0.wp.com\/reformacolombia.org\/wp-content\/uploads\/2025\/04\/Web-Entradas-46.jpg?fit=1200%2C675&ssl=1&resize=1050%2C600 3x"},"classes":[]},{"id":2464,"url":"https:\/\/reformacolombia.org\/es\/la-receocion-en-la-iglesia\/","url_meta":{"origin":2455,"position":3},"title":"La recepci\u00f3n en la Iglesia","author":"administraci\u00f3n","date":"14\/09\/2024","format":false,"excerpt":"Los principios de fe dicen as\u00ed: Puede efectuarse solamente entonces, cuando cada alma, que desde esto, habr\u00e1 obtenido un conocimiento fundamental y una convicci\u00f3n de los principios de nuestra fe, y cuando la congregaci\u00f3n no hace oposici\u00f3n.\u00a0 Adem\u00e1s la iglesia espera la profesi\u00f3n de un testimonio ante ella.\u00a0 Por acuerdo\u2026","rel":"","context":"En \u00abPrincipios de Fe\u00bb","block_context":{"text":"Principios de Fe","link":"https:\/\/reformacolombia.org\/es\/category\/principios-de-fe\/"},"img":{"alt_text":"","src":"https:\/\/i0.wp.com\/reformacolombia.org\/wp-content\/uploads\/2025\/04\/Web-Entradas-24.jpg?fit=1200%2C675&ssl=1&resize=350%2C200","width":350,"height":200,"srcset":"https:\/\/i0.wp.com\/reformacolombia.org\/wp-content\/uploads\/2025\/04\/Web-Entradas-24.jpg?fit=1200%2C675&ssl=1&resize=350%2C200 1x, https:\/\/i0.wp.com\/reformacolombia.org\/wp-content\/uploads\/2025\/04\/Web-Entradas-24.jpg?fit=1200%2C675&ssl=1&resize=525%2C300 1.5x, https:\/\/i0.wp.com\/reformacolombia.org\/wp-content\/uploads\/2025\/04\/Web-Entradas-24.jpg?fit=1200%2C675&ssl=1&resize=700%2C400 2x, https:\/\/i0.wp.com\/reformacolombia.org\/wp-content\/uploads\/2025\/04\/Web-Entradas-24.jpg?fit=1200%2C675&ssl=1&resize=1050%2C600 3x"},"classes":[]},{"id":2497,"url":"https:\/\/reformacolombia.org\/es\/la-resurreccion\/","url_meta":{"origin":2455,"position":4},"title":"La Resurrecci\u00f3n","author":"administraci\u00f3n","date":"03\/09\/2024","format":false,"excerpt":"https:\/\/www.youtube.com\/watch?v=6BW3QW7zGto Los principios de fe dicen as\u00ed: Todos los que est\u00e1n en los sepulcros, resucitar\u00e1n por medio de una resurrecci\u00f3n corporal. Los justos ser\u00e1n resucitados en la primera resurrecci\u00f3n que tendr\u00e1 lugar simult\u00e1neamente con la venida del Se\u00f1or, pero los imp\u00edos resucitar\u00e1n despu\u00e9s de mil a\u00f1os; esta se llama la\u2026","rel":"","context":"En \u00abPrincipios de Fe\u00bb","block_context":{"text":"Principios de Fe","link":"https:\/\/reformacolombia.org\/es\/category\/principios-de-fe\/"},"img":{"alt_text":"","src":"https:\/\/i0.wp.com\/reformacolombia.org\/wp-content\/uploads\/2025\/04\/Web-Entradas-13.jpg?fit=1200%2C675&ssl=1&resize=350%2C200","width":350,"height":200,"srcset":"https:\/\/i0.wp.com\/reformacolombia.org\/wp-content\/uploads\/2025\/04\/Web-Entradas-13.jpg?fit=1200%2C675&ssl=1&resize=350%2C200 1x, https:\/\/i0.wp.com\/reformacolombia.org\/wp-content\/uploads\/2025\/04\/Web-Entradas-13.jpg?fit=1200%2C675&ssl=1&resize=525%2C300 1.5x, https:\/\/i0.wp.com\/reformacolombia.org\/wp-content\/uploads\/2025\/04\/Web-Entradas-13.jpg?fit=1200%2C675&ssl=1&resize=700%2C400 2x, https:\/\/i0.wp.com\/reformacolombia.org\/wp-content\/uploads\/2025\/04\/Web-Entradas-13.jpg?fit=1200%2C675&ssl=1&resize=1050%2C600 3x"},"classes":[]},{"id":1911,"url":"https:\/\/reformacolombia.org\/es\/el-espiritu-de-elias\/","url_meta":{"origin":2455,"position":5},"title":"El Esp\u00edritu de El\u00edas","author":"administraci\u00f3n","date":"15\/11\/2024","format":false,"excerpt":"Malaqu\u00edas 4:5-6: \u201cHe aqu\u00ed yo os env\u00edo al profetas El\u00edas, antes que venga el d\u00eda de Jehov\u00e1, grande y terrible. El har\u00e1 volver el coraz\u00f3n de los padres hacia los hijos, y el coraz\u00f3n de los hijos hacia los padres, no sea que yo venga y hiera la tierra con\u2026","rel":"","context":"En \u00abDoctrina\u00bb","block_context":{"text":"Doctrina","link":"https:\/\/reformacolombia.org\/es\/category\/doctrina\/"},"img":{"alt_text":"","src":"https:\/\/i0.wp.com\/reformacolombia.org\/wp-content\/uploads\/2024\/11\/Web-Entradas-2.jpg?fit=1200%2C675&ssl=1&resize=350%2C200","width":350,"height":200,"srcset":"https:\/\/i0.wp.com\/reformacolombia.org\/wp-content\/uploads\/2024\/11\/Web-Entradas-2.jpg?fit=1200%2C675&ssl=1&resize=350%2C200 1x, https:\/\/i0.wp.com\/reformacolombia.org\/wp-content\/uploads\/2024\/11\/Web-Entradas-2.jpg?fit=1200%2C675&ssl=1&resize=525%2C300 1.5x, https:\/\/i0.wp.com\/reformacolombia.org\/wp-content\/uploads\/2024\/11\/Web-Entradas-2.jpg?fit=1200%2C675&ssl=1&resize=700%2C400 2x, https:\/\/i0.wp.com\/reformacolombia.org\/wp-content\/uploads\/2024\/11\/Web-Entradas-2.jpg?fit=1200%2C675&ssl=1&resize=1050%2C600 3x"},"classes":[]}],"jetpack_featured_media_url":"https:\/\/i0.wp.com\/reformacolombia.org\/wp-content\/uploads\/2025\/04\/Web-Entradas-27.jpg?fit=1920%2C1080&ssl=1","_links":{"self":[{"href":"https:\/\/reformacolombia.org\/es\/wp-json\/wp\/v2\/posts\/2455","targetHints":{"allow":["GET"]}}],"collection":[{"href":"https:\/\/reformacolombia.org\/es\/wp-json\/wp\/v2\/posts"}],"about":[{"href":"https:\/\/reformacolombia.org\/es\/wp-json\/wp\/v2\/types\/post"}],"author":[{"embeddable":true,"href":"https:\/\/reformacolombia.org\/es\/wp-json\/wp\/v2\/users\/1"}],"replies":[{"embeddable":true,"href":"https:\/\/reformacolombia.org\/es\/wp-json\/wp\/v2\/comments?post=2455"}],"version-history":[{"count":1,"href":"https:\/\/reformacolombia.org\/es\/wp-json\/wp\/v2\/posts\/2455\/revisions"}],"predecessor-version":[{"id":2457,"href":"https:\/\/reformacolombia.org\/es\/wp-json\/wp\/v2\/posts\/2455\/revisions\/2457"}],"wp:featuredmedia":[{"embeddable":true,"href":"https:\/\/reformacolombia.org\/es\/wp-json\/wp\/v2\/media\/2456"}],"wp:attachment":[{"href":"https:\/\/reformacolombia.org\/es\/wp-json\/wp\/v2\/media?parent=2455"}],"wp:term":[{"taxonomy":"category","embeddable":true,"href":"https:\/\/reformacolombia.org\/es\/wp-json\/wp\/v2\/categories?post=2455"},{"taxonomy":"post_tag","embeddable":true,"href":"https:\/\/reformacolombia.org\/es\/wp-json\/wp\/v2\/tags?post=2455"}],"curies":[{"name":"wp","href":"https:\/\/api.w.org\/{rel}","templated":true}]}}