{"id":2420,"date":"2024-09-28T09:52:38","date_gmt":"2024-09-28T14:52:38","guid":{"rendered":"https:\/\/reformacolombia.org\/?p=2420"},"modified":"2025-04-15T09:57:40","modified_gmt":"2025-04-15T14:57:40","slug":"arrepentimiento-obediencia-y-renacimiento","status":"publish","type":"post","link":"https:\/\/reformacolombia.org\/es\/arrepentimiento-obediencia-y-renacimiento\/","title":{"rendered":"Arrepentimiento, obediencia y renacimiento"},"content":{"rendered":"\n<figure class=\"wp-block-embed is-type-video is-provider-youtube wp-block-embed-youtube wp-embed-aspect-16-9 wp-has-aspect-ratio\"><div class=\"wp-block-embed__wrapper\">\n<iframe title=\"Principios DE FE - Tema 5: &quot;LA JUSTIFICACI\u00d3N POR LA FE&quot;. Orador: Marcos Pedrazas. VIDEO 5\/32 HD\" width=\"500\" height=\"281\" src=\"https:\/\/www.youtube.com\/embed\/XwExsEJfi00?feature=oembed\" frameborder=\"0\" allow=\"accelerometer; autoplay; clipboard-write; encrypted-media; gyroscope; picture-in-picture; web-share\" referrerpolicy=\"strict-origin-when-cross-origin\" allowfullscreen><\/iframe>\n<\/div><\/figure>\n\n\n\n<p class=\"wp-block-paragraph\"><\/p>\n\n\n\n<figure class=\"wp-block-embed is-type-video is-provider-youtube wp-block-embed-youtube wp-embed-aspect-16-9 wp-has-aspect-ratio\"><div class=\"wp-block-embed__wrapper\">\n<iframe title=\"Principios DE FE - Tema 7: &quot;ARREPENTIMIENTO Y CONFESI\u00d3N&quot;. Orador: Marcos Pedrazas. VIDEO 7\/32 HD\" width=\"500\" height=\"281\" src=\"https:\/\/www.youtube.com\/embed\/cEkI1943rWA?feature=oembed\" frameborder=\"0\" allow=\"accelerometer; autoplay; clipboard-write; encrypted-media; gyroscope; picture-in-picture; web-share\" referrerpolicy=\"strict-origin-when-cross-origin\" allowfullscreen><\/iframe>\n<\/div><\/figure>\n\n\n\n<p class=\"wp-block-paragraph\"><\/p>\n\n\n\n<figure class=\"wp-block-embed is-type-video is-provider-youtube wp-block-embed-youtube wp-embed-aspect-16-9 wp-has-aspect-ratio\"><div class=\"wp-block-embed__wrapper\">\n<iframe title=\"Principios DE FE - Tema 8: &quot;LA CONVERSI\u00d3N&quot;. Orador: Marcos Pedrazas. VIDEO 8\/32 HD\" width=\"500\" height=\"281\" src=\"https:\/\/www.youtube.com\/embed\/dfO9Hu8lwl0?feature=oembed\" frameborder=\"0\" allow=\"accelerometer; autoplay; clipboard-write; encrypted-media; gyroscope; picture-in-picture; web-share\" referrerpolicy=\"strict-origin-when-cross-origin\" allowfullscreen><\/iframe>\n<\/div><\/figure>\n\n\n\n<p class=\"wp-block-paragraph\"><\/p>\n\n\n\n<p class=\"wp-block-paragraph\"><strong>Los principios de fe dicen as\u00ed:<\/strong><\/p>\n\n\n\n<ol class=\"wp-block-list\">\n<li>Arrepentimiento de los pecados cometidos y la omisi\u00f3n del pecado proceden de la palabra de Dios y de su Esp\u00edritu Santo. (Hebreos 4:12; Romanos 1:10-17). La palabra de Dios se manifiesta por la predicaci\u00f3n de los instrumentos humanos, llamados para estos fines. (Romanos 10:14-17; Lucas 16:29-31). La diferencia entre estos predicadores falsos es caracterizada por la pr\u00e1ctica de los principios del reino de Cristo. (Juan 8:31-32). Por o\u00edr la palabra divina el hombre pecador despierta de la muerte espiritual. (Hechos 2:37). La palabra de Dios le conduce a una fe verdadera, a saber: al arrepentimiento de sus malas obras que la entristecen. (Nehem\u00edas 9:13; 2 Corintios 7:10; Jon\u00e1s 3:5-9). Por medio de la muerte del pecador busca refugio (Hechos 2:37) y la Palabra le conduce al Salvador verdadero (Hechos 4:12; Juan 3:36), donde aprender\u00e1 que la sujeci\u00f3n hecha solamente por miedo de la Palabra de Dios, no trae salvaci\u00f3n alguna (Mateo 27:2-5; Daniel 3:28-30).<\/li>\n<\/ol>\n\n\n\n<ol start=\"2\" class=\"wp-block-list\">\n<li>La sujeci\u00f3n (Obediencia) es un fruto de la conversi\u00f3n. Arrepentimiento es el fruto de la fe (Santiago 2:16), y la fe es el fruto de la palabra de Dios de la palabra de Dios (Romanos 10:17). Aquel que no est\u00e1 sujeto completamente a la palabra de Dios, no es perfectamente. Pues por sus propias obras demuestra, que todav\u00eda no est\u00e1 desligado del pecado. (Mateo 5:19; Santiago 2:10).<\/li>\n<\/ol>\n\n\n\n<ol start=\"3\" class=\"wp-block-list\">\n<li>El renacimiento o la nueva criatura. (Juan 3:3; 2 Corintios 5:17). Ser nacido de nuevo o del esp\u00edritu de Dios, significa que nos dejamos guiar por \u00e9l, como un ni\u00f1o obedece a su padre, que lo cri\u00f3. (Romanos 8:9-13). El viejo fermento, o el desv\u00edo del Esp\u00edritu de la ley, tiene que ser retirado\u00a0 completamente (G\u00e1latas 5:19-21; Colosenses 3:5-10). Mientras que el hombre no es renacido del esp\u00edritu, no puede participar de la vida en Cristo. (Juan 7:38-39).<\/li>\n<\/ol>\n\n\n\n<p class=\"wp-block-paragraph\"><strong>ARREPENTIMIENTO:<\/strong><\/p>\n\n\n\n<ul class=\"wp-block-list\">\n<li><strong>\u00bfQui\u00e9n predic\u00f3 el arrepentimiento antes que apareciera Jes\u00fas?<\/strong><\/li>\n<\/ul>\n\n\n\n<p class=\"wp-block-paragraph\"><strong>Marcos 1:4<\/strong> \u201cAs\u00ed, Juan el Bautista fue al desierto, y predicaba el bautismo del arrepentimiento para el perd\u00f3n de los pecados.\u201d<\/p>\n\n\n\n<p class=\"wp-block-paragraph\"><strong>Hechos 13:24<\/strong> \u201cAntes de su venida, Juan predic\u00f3 un bautismo de arrepentimiento a todo el pueblo de Israel.\u201d<\/p>\n\n\n\n<ul class=\"wp-block-list\">\n<li><strong>Jes\u00fas predic\u00f3 el arrepentimiento:<\/strong><\/li>\n<\/ul>\n\n\n\n<p class=\"wp-block-paragraph\"><strong>Mateo 4:17<\/strong> \u201cDesde entonces empez\u00f3 Jes\u00fas a predicar: &#8220;Arrepent\u00edos, que el reino de los cielos est\u00e1 cerca.\u201d<\/p>\n\n\n\n<p class=\"wp-block-paragraph\"><strong>Marcos 1.14-15<\/strong> \u201cDespu\u00e9s que Juan fue encarcelado, Jes\u00fas vino a Galilea predicando el evangelio del reino de Dios. Dec\u00eda: &#8220;El tiempo se ha cumplido, el reino de Dios est\u00e1 cerca. \u00a1Arrepent\u00edos, y creed al evangelio!&#8221;\u201d<\/p>\n\n\n\n<ul class=\"wp-block-list\">\n<li><strong>Sus disc\u00edpulos predicaron el arrepentimiento:<\/strong><\/li>\n<\/ul>\n\n\n\n<p class=\"wp-block-paragraph\"><strong>Marcos 6:1pp; 12<\/strong> \u201cDespu\u00e9s Jes\u00fas llam\u00f3 a los doce y empez\u00f3 a enviarlos de dos en dos\u2026\u2026Entonces salieron, y predicaron que los hombres se arrepintiesen.\u201d<\/p>\n\n\n\n<ul class=\"wp-block-list\">\n<li><strong>La iglesia cristiana hizo \u00e9nfasis sobre la predicaci\u00f3n del arrepentimiento:<\/strong><\/li>\n<\/ul>\n\n\n\n<p class=\"wp-block-paragraph\"><strong>Hechos 17:30<\/strong> \u201cPues Dios, habiendo pasado por alto ese tiempo de ignorancia, ahora manda a todos los hombres en todo lugar, que se arrepientan.\u201d<\/p>\n\n\n\n<p class=\"wp-block-paragraph\"><strong>Lucas 24:47<\/strong> \u201cY que en su Nombre se predicara el arrepentimiento y el perd\u00f3n de los pecados en todas las naciones, empezando en Jerusal\u00e9n.\u201d<\/p>\n\n\n\n<ul class=\"wp-block-list\">\n<li><strong>\u00bfDe qu\u00e9 modo se invita a la \u00faltima iglesia al arrepentimiento?<\/strong><\/li>\n<\/ul>\n\n\n\n<p class=\"wp-block-paragraph\"><strong>Apocalipsis 3:19<\/strong> \u201cYo reprendo y disciplino a todos los que amo.&nbsp; S\u00e9, pues, celoso, y arrepi\u00e9ntete.\u201d<\/p>\n\n\n\n<ul class=\"wp-block-list\">\n<li><strong>\u00bfEs necesario el arrepentimiento para la salvaci\u00f3n?<\/strong><\/li>\n<\/ul>\n\n\n\n<p class=\"wp-block-paragraph\"><strong>Lucas 13:3sp<\/strong> \u201cAntes, si no os arrepent\u00eds, todos perecer\u00e9is igualmente.\u201d<\/p>\n\n\n\n<p class=\"wp-block-paragraph\"><strong>2 Pedro 3:9<\/strong> \u201cEl Se\u00f1or no demora en cumplir su promesa, como algunos piensan, sino que es paciente con nosotros, porque no quiere que ninguno perezca, sino que todos procedan al arrepentimiento.\u201d<\/p>\n\n\n\n<ul class=\"wp-block-list\">\n<li><strong>\u00bfEs necesario el arrepentimiento para recibir el perd\u00f3n?<\/strong><\/li>\n<\/ul>\n\n\n\n<p class=\"wp-block-paragraph\"><strong>Hechos 2:38<\/strong> \u201cPedro contest\u00f3: &#8220;Arrepent\u00edos, y sed bautizados cada uno de vosotros en el Nombre de Jesucristo para perd\u00f3n de vuestros pecados. Y recibir\u00e9is el don del Esp\u00edritu Santo.\u201d<\/p>\n\n\n\n<p class=\"wp-block-paragraph\"><strong>Hechos 3:19<\/strong> \u201c&#8221;As\u00ed, arrepent\u00edos y convert\u00edos, para que sean borrados vuestros pecados, y vengan los tiempos del refrigerio de la presencia del Se\u00f1or\u201d<\/p>\n\n\n\n<ul class=\"wp-block-list\">\n<li><strong>\u00bfEs necesario arrepentirse primero, antes de recibir la invitaci\u00f3n de Cristo?<\/strong><\/li>\n<\/ul>\n\n\n\n<p class=\"wp-block-paragraph\"><strong>Mateo 11:28<\/strong> \u201cVenid a m\u00ed todos los que est\u00e1is trabajados y cargados, y yo os har\u00e9 descansar\u201d<\/p>\n\n\n\n<p class=\"wp-block-paragraph\">\u201cPrecisamente \u00e9ste es un punto sobre el cual muchos yerran, y por esto dejan de recibir la ayuda que Cristo quiere darles.&nbsp; Piensan que no pueden ir a Cristo a menos que se arrepientan primero, y que el arrepentimiento los prepara para el perd\u00f3n de sus pecados.&nbsp; Es verdad que el arrepentimiento precede al perd\u00f3n de los pecados, porque solamente el coraz\u00f3n quebrantado y contrito es el que siente la necesidad de un Salvador.&nbsp; Pero,&nbsp; \u00bfdebe el pecador esperar hasta que se haya arrepentido, para poder ir a Jes\u00fas? \u00bfHa de ser el arrepentimiento un obst\u00e1culo entre el pecador y el Salvador?<\/p>\n\n\n\n<p class=\"wp-block-paragraph\">La Biblia no ense\u00f1a que el pecador deba arrepentirse antes de poder aceptar la invitaci\u00f3n de Cristo:&nbsp; &#8220;\u00a1Venid a m\u00ed todos los que est\u00e1is cansados y agobiados, y yo os dar\u00e9 descanso!&#8221;&nbsp; (S. Mateo 11: 28).&nbsp; La virtud que viene de Cristo es la que gu\u00eda a un arrepentimiento genuino.&nbsp; San Pedro habla del asunto de una manera muy clara en su exposici\u00f3n a los israelitas, cuando dice: \u201cA \u00e9ste, Dios le ensalz\u00f3 con su diestra para ser Pr\u00edncipe y Salvador, a fin de dar arrepentimiento a Israel, y remisi\u00f3n de pecados&#8221;.&nbsp; (Hechos 5: 31) No podemos arrepentirnos sin que el Esp\u00edritu de Cristo despierte la conciencia,&nbsp; m\u00e1s de lo que podemos ser perdonados sin Cristo.<\/p>\n\n\n\n<p class=\"wp-block-paragraph\">Cristo es la fuente de todo buen impulso.&nbsp; El es el \u00fanico que puede implantar en el coraz\u00f3n enemistad contra el pecado. Todo deseo de verdad y de pureza, toda convicci\u00f3n de nuestra propia pecaminosidad, es una prueba de que su Esp\u00edritu est\u00e1 obrando en nuestro coraz\u00f3n.\u201d <strong>C.C. 25\/3; 26\/0-2<\/strong><\/p>\n\n\n\n<ul class=\"wp-block-list\">\n<li><strong>\u00bfQu\u00e9 clases de personas experimentan la necesidad de arrepentimiento?<\/strong><\/li>\n<\/ul>\n\n\n\n<p class=\"wp-block-paragraph\"><strong>Marcos 2:17<\/strong> \u201cAl o\u00edrlos, Jes\u00fas les dijo: &#8220;Los sanos no necesitan m\u00e9dico, sino los enfermos. No he venido a llamar a justos, sino a pecadores&#8221;.\u201d<\/p>\n\n\n\n<p class=\"wp-block-paragraph\"><strong>Mateo&nbsp; 21:31sp; 32<\/strong> \u201cEntonces Jes\u00fas les dijo: &#8220;Os aseguro que los publicanos y las rameras van delante de vosotros al reino de Dios. &#8220;Porque Juan vino a vosotros en camino de justicia, y no cre\u00edsteis en \u00e9l, pero los publicanos y las rameras creyeron en \u00e9l. Y aunque vosotros lo visteis, no os arrepentisteis despu\u00e9s para creer en \u00e9l.\u201d<\/p>\n\n\n\n<ul class=\"wp-block-list\">\n<li><strong>\u00bfSe alegra el cielo cuando los pecadores se arrepienten?<\/strong><\/li>\n<\/ul>\n\n\n\n<p class=\"wp-block-paragraph\"><strong>Lucas 15:7<\/strong> \u201cOs digo, que as\u00ed hay m\u00e1s alegr\u00eda en el cielo por un pecador que se arrepiente, que por noventa y nueve justos, que no necesitan arrepentimiento.\u201d<\/p>\n\n\n\n<ul class=\"wp-block-list\">\n<li><strong>\u00bfC\u00f3mo nos conduce Dios al arrepentimiento?<\/strong><\/li>\n<\/ul>\n\n\n\n<p class=\"wp-block-paragraph\"><strong>Romanos 2:4<\/strong> \u201c\u00bfO menosprecias la riqueza de su bondad, paciencia y generosidad, ignorando que su bondad te gu\u00eda al arrepentimiento?<\/p>\n\n\n\n<ul class=\"wp-block-list\">\n<li><strong>Existen dos clases de arrepentimiento:<\/strong><\/li>\n<\/ul>\n\n\n\n<ol class=\"wp-block-list\">\n<li><strong><em>Arrepentimiento genuino:<\/em><\/strong><\/li>\n<\/ol>\n\n\n\n<p class=\"wp-block-paragraph\"><strong>2 Corintios 7:10<\/strong> \u201c<strong>Porque la tristeza piadosa, produce un arrepentimiento saludable, que no trae pesar.<\/strong>&nbsp; Pero la tristeza del mundo produce muerte.\u201d&nbsp;<\/p>\n\n\n\n<p class=\"wp-block-paragraph\">\u201cEl arrepentimiento comprende tristeza por el pecado y abandono del mismo.&nbsp; No renunciaremos al pecado a menos que veamos su pecaminosidad; mientras no lo repudiemos de coraz\u00f3n, no habr\u00e1 cambio real en la vida.\u201d <strong>C.C. 23\/2<\/strong><\/p>\n\n\n\n<p class=\"wp-block-paragraph\"><strong><em>Ejemplos de arrepentimiento genuino:<\/em><\/strong><\/p>\n\n\n\n<p class=\"wp-block-paragraph\"><strong>JOB:<\/strong><\/p>\n\n\n\n<p class=\"wp-block-paragraph\"><strong>Job 42: 6<\/strong> \u201c&#8221;Por eso me aborrezco y me arrepiento, en polvo y en ceniza&#8221;.\u201d<\/p>\n\n\n\n<p class=\"wp-block-paragraph\"><strong>DAVID:<\/strong><\/p>\n\n\n\n<p class=\"wp-block-paragraph\"><strong>Salmos 51:3-4,10<\/strong> \u201cPorque reconozco mis transgresiones, y mi pecado est\u00e1 siempre delante de m\u00ed. Contra ti, contra ti solo he pecado, e hice lo malo ante tus ojos, pues t\u00fa eres justo cuando hablas, y sin reproche cuando juzgas\u2026 Oh Dios, crea en m\u00ed un coraz\u00f3n limpio, y renueva un esp\u00edritu recto dentro de m\u00ed.\u201d<\/p>\n\n\n\n<p class=\"wp-block-paragraph\"><strong>EL PUBLICANO:<\/strong><\/p>\n\n\n\n<p class=\"wp-block-paragraph\"><strong>Lucas 18:13<\/strong> \u201c&#8221;Pero el publicano quedando lejos, ni quer\u00eda alzar los ojos al cielo, sino que golpeaba su pecho, diciendo: &#8216;Dios, ten compasi\u00f3n de m\u00ed, que soy pecador&#8217;.\u201d<\/p>\n\n\n\n<p class=\"wp-block-paragraph\">\u201cMas cuando el coraz\u00f3n cede a la influencia del Esp\u00edritu de Dios, la conciencia se vivifica y el pecador discierne algo de la profundidad y santidad de la sagrada ley de Dios, fundamento de su gobierno en los cielos y en la tierra. &#8220;La Luz verdadera, que alumbra a todo hombre que viene a este mundo&#8221; (S. Juan 1: 9), ilumina las c\u00e1maras secretas del alma y se manifiestan las cosas ocultas.&nbsp; La convicci\u00f3n se posesiona de la mente y del coraz\u00f3n.&nbsp; El pecador tiene entonces conciencia de la justicia de Jehov\u00e1 y siente terror de aparecer en su iniquidad e impureza delante del que escudri\u00f1a los corazones. Ve el amor de Dios, la belleza de la santidad y el gozo de la&nbsp; &nbsp; pureza. Ans\u00eda ser purificado y restituido a la comuni\u00f3n del cielo.<\/p>\n\n\n\n<p class=\"wp-block-paragraph\">La oraci\u00f3n de David despu\u00e9s de su ca\u00edda es una ilustraci\u00f3n de la naturaleza del verdadero dolor por el pecado.&nbsp; Su arrepentimiento era sincero y profundo.&nbsp; No hizo ning\u00fan esfuerzo por atenuar su crimen; ning\u00fan deseo de escapar del juicio que lo amenazaba inspir\u00f3 su oraci\u00f3n.&nbsp; David ve\u00eda la enormidad de su transgresi\u00f3n; ve\u00eda las manchas de su alma; aborrec\u00eda su pecado.&nbsp; No imploraba solamente el perd\u00f3n, sino tambi\u00e9n la pureza del coraz\u00f3n.&nbsp; Deseaba tener el gozo de la santidad -ser restituido a la armon\u00eda y comuni\u00f3n con Dios\u2026..Efectuar un arrepentimiento como \u00e9ste, est\u00e1 m\u00e1s all\u00e1 del alcance de nuestro propio poder; se obtiene solamente de Cristo, quien ascendi\u00f3 a lo alto y ha dado dones a los hombres.\u201d <strong>C.C. 24\/2; 25\/1<\/strong><\/p>\n\n\n\n<ol start=\"2\" class=\"wp-block-list\">\n<li><strong><em>Arrepentimiento falso:<\/em><\/strong><\/li>\n<\/ol>\n\n\n\n<p class=\"wp-block-paragraph\"><strong>2 Corintios 7:10<\/strong> \u201cPorque la tristeza piadosa, produce un arrepentimiento saludable, que no trae pesar.&nbsp; <strong>Pero la tristeza del mundo produce muerte.<\/strong>\u201d&nbsp;<\/p>\n\n\n\n<p class=\"wp-block-paragraph\"><strong><em>Ejemplos de arrepentimiento falso:<\/em><\/strong><\/p>\n\n\n\n<p class=\"wp-block-paragraph\"><strong>JUDAS:<\/strong><\/p>\n\n\n\n<p class=\"wp-block-paragraph\"><strong>Mateo 27:3-5<\/strong> \u201cEntonces Judas, el que lo hab\u00eda entregado, al ver que hab\u00edan condenado a Jes\u00fas, sinti\u00f3 remordimiento, y devolvi\u00f3 las treinta monedas de plata a los principales sacerdotes y a los ancianos. Les dijo: &#8220;He pecado entregando sangre inocente&#8221;. Pero ellos dijeron: &#8220;\u00bfQu\u00e9 nos importa a nosotros? Eso es cosa tuya&#8221;. Entonces arroj\u00f3 las monedas de plata en el templo, sali\u00f3, y se ahorc\u00f3.\u201d<\/p>\n\n\n\n<p class=\"wp-block-paragraph\"><strong>ESA\u00da:<\/strong><\/p>\n\n\n\n<p class=\"wp-block-paragraph\"><strong>Hebreos 12:16-17<\/strong> \u201cQue ninguno sea fornicario ni profano como Esa\u00fa, que por una sola comida vendi\u00f3 su primogenitura. Porque ya sab\u00e9is que despu\u00e9s, quiso recibir la bendici\u00f3n, pero fue rechazado, y no pudo cambiar el sentimiento de su padre, aunque lo procur\u00f3 con l\u00e1grimas.\u201d<\/p>\n\n\n\n<p class=\"wp-block-paragraph\">\u201cHay muchos que no entienden la naturaleza verdadera del arrepentimiento.&nbsp; Gran n\u00famero de personas se entristecen por haber pecado y aun se reforman exteriormente, porque temen que su mala vida les acarree sufrimientos.&nbsp; Pero esto no es arrepentimiento en el sentido b\u00edblico. Lamentan la pena m\u00e1s bien que el pecado. Tal fue el dolor de Esa\u00fa cuando vio que hab\u00eda perdido su primogenitura para siempre.&nbsp; Balaam, aterrorizado por el \u00e1ngel que estaba en su camino con la espada desnuda, reconoci\u00f3 su culpa&nbsp; por temor de perder la vida; mas no experiment\u00f3 un arrepentimiento sincero del pecado,&nbsp; ni un cambio de prop\u00f3sito, ni aborrecimiento del mal. Judas Iscariote, despu\u00e9s de traicionar a su Se\u00f1or, exclam\u00f3:&nbsp; &#8220;\u00a1He pecado, entregando la sangre inocente!&#8221;&nbsp; (S. Mateo 27: 4).<\/p>\n\n\n\n<p class=\"wp-block-paragraph\">Esta confesi\u00f3n fue arrancada a la fuerza de su alma culpable por un tremendo sentido de condenaci\u00f3n y una pavorosa expectaci\u00f3n de juicio.&nbsp; Las consecuencias que hab\u00edan de resultarle lo llenaban de terror, pero no experiment\u00f3 profundo quebrantamiento de coraz\u00f3n, ni dolor de alma por haber traicionado al Hijo inmaculado de Dios y negado al santo de Israel.&nbsp; Cuando Fara\u00f3n sufr\u00eda los juicios de Dios, reconoci\u00f3 su pecado a fin de escapar del castigo, pero volvi\u00f3 a desafiar al cielo tan pronto como cesaron las plagas.&nbsp; Todos \u00e9stos lamentaban los resultados del pecado, pero no sent\u00edan tristeza por el pecado mismo.\u201d <strong>C.C. 23\/3; 24\/0-1<\/strong>&nbsp;<\/p>\n\n\n\n<ul class=\"wp-block-list\">\n<li><strong>\u00bfEntonces, de donde procede al arrepentimiento genuino?<\/strong><\/li>\n<\/ul>\n\n\n\n<p class=\"wp-block-paragraph\"><strong>Hechos 5:31<\/strong> \u201c&#8221;A \u00e9ste, Dios lo ha exaltado a su diestra por Pr\u00edncipe y Salvador, para dar a Israel arrepentimiento y perd\u00f3n de los pecados.\u201d<\/p>\n\n\n\n<p class=\"wp-block-paragraph\">\u201cEs imposible que escapemos por nosotros mismos del abismo del pecado en que estamos sumidos. Nuestro coraz\u00f3n es malo y no lo podemos cambiar. &#8220;\u00bfQui\u00e9n podr\u00e1 sacar cosa limpia de inmunda? Ninguno&#8221; (Job 14: 4 )&#8221;Por cuanto el \u00e1nimo carnal es enemistad contra Dios; pues no est\u00e1 sujeto a la ley de Dios, ni a la verdad lo puede estar&#8221; (Romanos 8: 7). La educaci\u00f3n, la cultura, el ejercicio de la voluntad, el esfuerzo humano todos tienen su propia esfera, pero para esto no tienen ning\u00fan poder. Pueden producir una correcci\u00f3n externa de la conducta, pero no pueden cambiar el coraz\u00f3n; no pueden purificar las fuentes de la vida. Debe haber un poder que obre en el interior, una vida nueva de lo alto, antes de que el hombre pueda convertirse del pecado a la santidad.&nbsp; Ese poder es Cristo.&nbsp; Solamente su gracia puede vivificar las facultades muertas del alma y atraerlas a Dios, a la santidad.&nbsp; El Salvador dijo: &#8220;A menos que el hombre naciere de nuevo&#8221;, a menos que reciba un coraz\u00f3n nuevo, nuevos deseos, designios y m\u00f3viles que lo gu\u00eden a una nueva vida, &#8220;no puede ver el reino de Dios&#8221; (S. Juan 3: 3). La idea de que solamente es necesario desarrollar lo bueno que existe en el hombre por naturaleza, es un enga\u00f1o fatal.&nbsp; &#8220;El hombre natural no recibe las cosas del Esp\u00edritu de Dios;&nbsp; porque le son insensatez; ni las puede conocer, por cuanto se disciernen espiritualmente&#8221;&nbsp; (1 Corintios 2: 14).&nbsp; &#8220;No te maravilles de que te dije: os es necesario nacer de nuevo&#8221;&nbsp; (S. Juan 3: 7.)&nbsp; De Cristo est\u00e1 escrito:&nbsp; &#8220;En \u00e9l estaba la vida; y la vida era la luz de los hombres&#8221;&nbsp; (S. Juan 1: 4), el \u00fanico &#8220;nombre debajo del cielo dado a los hombres, en el cual podamos ser salvos&#8221;&nbsp; (Hechos 4: 12).\u201d <strong>C.C. 18\/1; 19\/0<\/strong><\/p>\n\n\n\n<p class=\"wp-block-paragraph\">\u201cEs la mano por la cual nos asimos de Cristo y nos apropiamos de sus m\u00e9ritos, el remedio por el pecado. Y ni siquiera podemos arrepentirnos sin la ayuda del esp\u00edritu de Dios. La escritura dice de Cristo: \u201cA \u00e9ste ha Dios ensalzado con su diestra por Pr\u00edncipe y Salvador para dar a Israel arrepentimiento y remisi\u00f3n de pecados.\u201d El arrepentimiento proviene de Cristo tan ciertamente como el perd\u00f3n.\u201d <strong>D.T.G. 147\/3sp<\/strong><\/p>\n\n\n\n<p class=\"wp-block-paragraph\"><strong>OBEDIENCIA:<\/strong><\/p>\n\n\n\n<ul class=\"wp-block-list\">\n<li><strong>\u00bfC\u00f3mo resalta las sagradas escrituras la importancia de la obediencia?<\/strong><\/li>\n<\/ul>\n\n\n\n<p class=\"wp-block-paragraph\"><strong>Eclesiast\u00e9s 12:13<\/strong> \u201cEl fin de todo el discurso, es \u00e9ste: Venera a Dios y guarda sus Mandamientos, porque \u00e9ste es todo el deber del hombre.\u201d<\/p>\n\n\n\n<ul class=\"wp-block-list\">\n<li><strong>\u00bfSe puede reemplazar la obediencia con ofrendas y sacrificios?<\/strong><\/li>\n<\/ul>\n\n\n\n<p class=\"wp-block-paragraph\"><strong>1 Samuel 15:22<\/strong> \u201cPero Samuel replic\u00f3: &#8220;\u00bfSe complace tanto el Eterno en holocaustos y v\u00edctimas como en la obediencia a su Palabra? El obedecer es mejor que los sacrificios, y el prestar atenci\u00f3n mejor que la grasa de los carneros.\u201d<\/p>\n\n\n\n<ul class=\"wp-block-list\">\n<li><strong>\u00bfEs la obediencia una condici\u00f3n para la salvaci\u00f3n?<\/strong><\/li>\n<\/ul>\n\n\n\n<p class=\"wp-block-paragraph\"><strong>Romanos 2:13<\/strong> \u201cPorque no los oidores de la Ley son justos ante Dios, sino los cumplidores de la Ley ser\u00e1n justificados.\u201d<\/p>\n\n\n\n<p class=\"wp-block-paragraph\"><strong>Santiago 1:22-25<\/strong> \u201cPero sed cumplidores de la Palabra, y no s\u00f3lo oidores, enga\u00f1\u00e1ndoos a vosotros mismos. Si alguno oye la Palabra, y no la cumple, es semejante al hombre que mira en un espejo su rostro natural. Se considera a s\u00ed mismo, se va, y pronto olvida c\u00f3mo era. Pero el que mira atentamente en la Ley perfecta -la de la libertad- y persevera en ella, y no es oyente olvidadizo, sino cumplidor, \u00e9ste ser\u00e1 feliz en lo que hace.<\/p>\n\n\n\n<p class=\"wp-block-paragraph\"><strong>Mateo 7:21<\/strong> \u201cNo todo el que me dice: &#8216;Se\u00f1or, Se\u00f1or&#8217; entrar\u00e1 en el reino de los cielos; sino el que hace la voluntad de mi Padre que est\u00e1 en los cielos.\u201d<\/p>\n\n\n\n<p class=\"wp-block-paragraph\"><strong>1 Juan 2:17<\/strong> \u201cY el mundo y sus deseos se pasan.&nbsp; En cambio, el que hace la voluntad de Dios, permanece para siempre.\u201d<\/p>\n\n\n\n<ul class=\"wp-block-list\">\n<li><strong>\u00bfC\u00f3mo relacion\u00f3 Jes\u00fas la obediencia con la salvaci\u00f3n?<\/strong><\/li>\n<\/ul>\n\n\n\n<p class=\"wp-block-paragraph\"><strong>Mateo 19:17up<\/strong>&nbsp; \u201cSi quieres entrar en la vida, guarda los Mandamientos.\u201d<\/p>\n\n\n\n<p class=\"wp-block-paragraph\">\u201cLa condici\u00f3n para alcanzar la vida eterna es ahora exactamente la misma de siempre, tal cual era en el para\u00edso antes de la ca\u00edda de nuestros primeros padres: la perfecta obediencia a la ley de Dios, la perfecta justicia. Si la vida eterna se&nbsp;<\/p>\n\n\n\n<p class=\"wp-block-paragraph\">concediera con alguna condici\u00f3n&nbsp; inferior a \u00e9sta, peligrar\u00eda la felicidad de todo el universo. Se le abrir\u00eda la puerta al pecado con todo su s\u00e9quito de dolor y miseria para siempre.\u201d <strong>C.C. 62\/1<\/strong><\/p>\n\n\n\n<ul class=\"wp-block-list\">\n<li><strong>\u00bfEs posible obedecer por nuestro propio esfuerzo?<\/strong><\/li>\n<\/ul>\n\n\n\n<p class=\"wp-block-paragraph\"><strong>Romanos 7:18-23<\/strong> \u201cS\u00e9 que en m\u00ed, esto es, en mi carne, no habita el bien.&nbsp; Porque tengo el querer, pero no alcanzo a efectuar lo bueno. Porque no hago el bien que quiero, sino el mal que no quiero. Y si hago lo que no quiero, ya no lo hago yo, sino el pecado que mora en m\u00ed. As\u00ed, encuentro esta ley: Aunque quiero hacer el bien, el mal est\u00e1 en m\u00ed. Porque en mi interior, me deleito en la Ley de Dios; pero veo en mis miembros otra ley, que lucha contra la ley de mi mente, y me somete a la ley del pecado que est\u00e1 en mis miembros.<\/p>\n\n\n\n<p class=\"wp-block-paragraph\"><strong>G\u00e1latas 5:17<\/strong> \u201cPorque la carne desea contra el Esp\u00edritu, y el Esp\u00edritu contra la carne. Los dos se oponen entre s\u00ed, para que no hag\u00e1is lo que quisierais.\u201d<\/p>\n\n\n\n<ul class=\"wp-block-list\">\n<li><strong>\u00bfQu\u00e9 vino Jes\u00fas a mostrarnos a esta tierra respecto a la obediencia?<\/strong><\/li>\n<\/ul>\n\n\n\n<p class=\"wp-block-paragraph\"><strong>Romanos 8:3-5<\/strong> \u201cPorque lo que era imposible a la Ley, por cuanto era d\u00e9bil por la carne; Dios, al enviar a su propio Hijo en semejanza de carne de pecado, y como sacrificio por el pecado, conden\u00f3 al pecado en la carne; para que la justicia que quiere la Ley se cumpla en nosotros, que no andamos conforme a la carne, sino conforme al Esp\u00edritu. Porque los que viven seg\u00fan la carne, piensan en los deseos de la carne.&nbsp; Pero los que viven seg\u00fan el Esp\u00edritu, piensan en los deseos del Esp\u00edritu.\u201d<\/p>\n\n\n\n<p class=\"wp-block-paragraph\">\u201cEra posible para Ad\u00e1n, antes de la ca\u00edda, conservar un car\u00e1cter justo por la obediencia a la ley de Dios. M\u00e1s no lo hizo, y por causa de su ca\u00edda tenemos una naturaleza pecaminosa y no podemos hacernos justos a nosotros mismos. Puesto que somos pecadores y malos, no podemos obedecer perfectamente una ley santa. No tenemos por nosotros mismos justicia con que cumplir lo que la ley de Dios demanda. M\u00e1s Cristo nos ha preparado una v\u00eda de escape. Vivi\u00f3 sobre la tierra en medio de pruebas y tentaciones tales como las que nosotros tenemos que arrostrar. Sin embargo, su vida fue impecable. Muri\u00f3 por nosotros y ahora ofrece quitarnos nuestros pecados y vestirnos de su justicia. Si os entreg\u00e1is a \u00e9l y lo acept\u00e1is como vuestro Salvador, por pecaminosa que haya sido vuestra vida, ser\u00e9is contados entre los justos por consideraci\u00f3n a el. El car\u00e1cter de Cristo toma el lugar del vuestro, y vosotros sois aceptados por Dios como si no hubierais pecado.\u201d <strong>C.C. 62\/2<\/strong><\/p>\n\n\n\n<ul class=\"wp-block-list\">\n<li><strong>\u00bfEs posible entonces hacer la voluntad de Dios?<\/strong><\/li>\n<\/ul>\n\n\n\n<p class=\"wp-block-paragraph\">Nadie necesita considerar el pecado contra el Esp\u00edritu Santo como algo misterioso e indefinible.&nbsp; El pecado contra el Esp\u00edritu Santo es el pecado de un rechazo persistente a responder a la invitaci\u00f3n a arrepentirse.&nbsp; Si rehus\u00e1is creer en Jesucristo como vuestro Salvador personal,&#8230;&nbsp; significa que am\u00e1is la atm\u00f3sfera que rode\u00f3 al primer gran ap\u00f3stata.&nbsp; Eleg\u00eds esa atm\u00f3sfera antes que la atm\u00f3sfera que rodea al Padre y al Hijo, y Dios os permite elegir.<\/p>\n\n\n\n<p class=\"wp-block-paragraph\"><strong>Efesios 6:6-7<\/strong> \u201cNo para ser vistos, como los que agradan a los hombres, sino como siervos de Cristo, que hacen con \u00e1nimo la voluntad de Dios.&nbsp; Servid con buena voluntad, como quien sirve al Se\u00f1or y no a los hombres\u201d<\/p>\n\n\n\n<p class=\"wp-block-paragraph\"><strong>Romanos 6:16-18<\/strong> \u201c\u00bfNo sab\u00e9is que al ofrecer\u00e1s a alguien para obedecerle, sois siervos de aquel a quien obedec\u00e9is, o del pecado para muerte, o de la obediencia para justicia? Pero gracias a Dios, que aunque fuisteis esclavos del pecado, hab\u00e9is obedecido de coraz\u00f3n a aquel modelo de ense\u00f1anza al cual est\u00e1is entregados; y liberados del pecado, hab\u00e9is llegado a ser siervos de la justicia.\u201d<\/p>\n\n\n\n<p class=\"wp-block-paragraph\">\u201cLa luz que resplandece de la cruz revela l amor de Dios. Su amor nos atrae a \u00e9l. Si no resistimos esta atracci\u00f3n, seremos conducidos al pie de la cruz arrepentidos por los pecados que crucificaron al salvador. Entonces el esp\u00edritu de Dios produce por medio de la fe una nueva vida en el alma. Los pensamientos y los deseos se sujetan en obediencia&nbsp; a la voluntad de Cristo. El coraz\u00f3n y la mente son creados de nuevo a la imagen de Aquel que obra en nosotros para someter todas las cosas a s\u00ed. Entonces la ley de Dios queda escrita en la mente y en coraz\u00f3n, y podemos decir con Cristo: \u201cEl hacer tu voluntad, Dios m\u00edo me ha agradado.\u201d\u201d <strong>D.T.G. 147\/4sp; 148\/0<\/strong><\/p>\n\n\n\n<ul class=\"wp-block-list\">\n<li><strong>\u00bfQu\u00e9 sucede cuando Dios obra en nosotros?<\/strong><\/li>\n<\/ul>\n\n\n\n<p class=\"wp-block-paragraph\"><strong>2 Corintios 10:4-5<\/strong> \u201cPorque las armas de nuestra milicia no son mundanas, sino poderosas en Dios para destruir fortalezas, para derribar argumentos y toda altivez que se levanta contra el conocimiento de Dios, y cautivar todo pensamiento en obediencia a Cristo.\u201d<\/p>\n\n\n\n<p class=\"wp-block-paragraph\">\u201cNo ganamos la salvaci\u00f3n con nuestra obediencia; porque la salvaci\u00f3n es el don gratuito de Dios, que se recibe por la fe. Pero la obediencia es el fruto de la fe. &#8220;Sab\u00e9is que \u00e9l fue manifestado para&nbsp; quitar los pecados, y en \u00e9l no hay pecado. Todo aquel que mora en \u00e9l no peca; todo aquel que peca no le ha visto, ni le ha conocido&#8221;. (1 S. Juan 3: 5, 6) He aqu\u00ed la verdadera prueba. Si moramos en Cristo, si el amor de Dios mora en nosotros, nuestros sentimientos, nuestros pensamientos, nuestras acciones, tienen que &nbsp; estar en armon\u00eda con la voluntad de Dios como se expresa en los preceptos de su santa ley. &#8220;\u00a1Hijitos m\u00edos, no dej\u00e9is que nadie os enga\u00f1e! el que obra justicia es justo, as\u00ed como \u00e9l es justo&#8221;&#8221;(1 S. Juan 3: 7). Sabemos lo que es justicia por el modelo de la santa ley de Dios, como se expresa en los Diez Mandamientos dados en el Sina\u00ed.\u201d <strong>C.C. 61\/1<\/strong><\/p>\n\n\n\n<p class=\"wp-block-paragraph\">\u201cCuando Cristo habla del nuevo coraz\u00f3n, se refiere a la mente, a la vida, al ser entero.&nbsp; Experimentar un cambio de coraz\u00f3n es apartar los afectos del mundo y fijarlos en Cristo.&nbsp; Tener un nuevo coraz\u00f3n es tener una mente nueva, nuevos prop\u00f3sitos, nuevos motivos. \u00bfCu\u00e1l es la se\u00f1al de un coraz\u00f3n nuevo?&nbsp; Una vida cambiada.&nbsp; Se produce d\u00eda tras d\u00eda, hora tras hora, una muerte del orgullo y el ego\u00edsmo.\u201d <strong>M.J. 70\/1<\/strong><\/p>\n\n\n\n<p class=\"wp-block-paragraph\"><strong>RENACIMIENTO:<\/strong><\/p>\n\n\n\n<ul class=\"wp-block-list\">\n<li><strong>El renacimiento o la nueva criatura:<\/strong><\/li>\n<\/ul>\n\n\n\n<p class=\"wp-block-paragraph\"><strong>Juan 3:3<\/strong> \u201cJes\u00fas respondi\u00f3: \u201cTe aseguro: El que no nace de nuevo, no puede ver el&nbsp; &nbsp; &nbsp; &nbsp; reino de Dios<\/p>\n\n\n\n<p class=\"wp-block-paragraph\"><strong>2 Corintios 5:17 <\/strong>\u201cPor lo tanto, si alguno est\u00e1 en Cristo, es una nueva creaci\u00f3n.&nbsp; Las cosas viejas pasaron, todo es nuevo.\u201d<\/p>\n\n\n\n<p class=\"wp-block-paragraph\">\u201cEn la Biblia se llama nacimiento al cambio de coraz\u00f3n por el cual somos hechos hijos de Dios. Tambi\u00e9n se lo compara con la germinaci\u00f3n de la buena semilla sembrada por el labrador. De igual modo los que est\u00e1n reci\u00e9n convertidos a Cristo, son como &#8220;ni\u00f1os reci\u00e9n nacidos&#8221;, &#8220;creciendo&#8221; (1 S. Pedro 2: 2; Efesios 4: 15). a la estatura de hombres en Cristo Jes\u00fas. Como la buena simiente en el campo, tienen que crecer y dar fruto. Isa\u00edas dice que ser\u00e1n &#8220;llamados \u00e1rboles de justicia, plantados por Jehov\u00e1&nbsp; mismo, para que \u00e9l sea glorificado&#8221; (Isa\u00edas 61: 3). Del mundo natural se sacan as\u00ed ilustraciones para ayudarnos a entender mejor las verdades misteriosas de la vida espiritual.<\/p>\n\n\n\n<p class=\"wp-block-paragraph\">Toda la sabidur\u00eda e inteligencia de los hombres no puede dar vida al objeto m\u00e1s peque\u00f1o de la naturaleza. Solamente por la vida que Dios mismo les ha dado pueden vivir las plantas y los animales. Asimismo es solamente mediante la vida de Dios como se engendra la vida espiritual en el coraz\u00f3n de los hombres. Si el hombre no &#8220;naciere de nuevo&#8221; (S. Juan 3: 3) no puede ser hecho participante de la vida que Cristo vino a dar.\u201d <strong>C.C. 67\/1-2<\/strong><\/p>\n\n\n\n<ul class=\"wp-block-list\">\n<li><strong>\u00bfDe donde procede el poder para el nuevo nacimiento?<\/strong><\/li>\n<\/ul>\n\n\n\n<p class=\"wp-block-paragraph\"><strong>Juan 1:12-13<\/strong> \u201cPero a todos los que lo recibieron, a los que creyeron en su Nombre, les dio el derecho de ser hijos de Dios. Estos nacieron, no de sangre, ni por el impulso de la carne, ni por el deseo de un var\u00f3n, sino de Dios.\u201d<\/p>\n\n\n\n<p class=\"wp-block-paragraph\">\u201cA todos los que le recibieron, di\u00f3les potestad de ser hechos hijos de Dios, a los que creen en su nombre&#8221;. Este poder no se halla en el agente humano. Es el poder de Dios.&nbsp; Cuando un alma recibe a Cristo, recibe poder para vivir la vida de Cristo. Dios exige que sus hijos sean perfectos. Su ley es una copia de su propio car\u00e1cter, y es la norma de todo car\u00e1cter. Esta norma infinita es presentada a todos a fin de que no haya equivocaci\u00f3n respecto a la clase de personas con las cuales Dios ha de formar su reino. La vida de Cristo sobre la tierra fue una perfecta expresi\u00f3n de la ley de Dios, y&nbsp; cuando los que pretenden ser hijos de Dios llegan a ser semejantes a Cristo en car\u00e1cter, ser\u00e1n obedientes a los mandamientos de Dios. Entonces el Se\u00f1or puede con confianza contarlos entre el n\u00famero que compondr\u00e1 la familia del cielo. Vestidos con el glorioso manto de la justicia de Cristo, poseen un lugar en le banquete del Rey. Tienen derecho a unirse a la multitud que ha sido lavada con sangre.\u201d <strong>P.V.G.M. 255\/3-4; 256\/0<\/strong><\/p>\n\n\n\n<ul class=\"wp-block-list\">\n<li><strong>\u00bfQui\u00e9n es el agente activo en la obra del nuevo nacimiento?<\/strong><\/li>\n<\/ul>\n\n\n\n<p class=\"wp-block-paragraph\"><strong>Tito 3:5-6<\/strong> \u201cnos salv\u00f3, no por obras de justicia que nosotros hubi\u00e9ramos hecho, sino por su misericordia, por el lavado regenerador y renovador del Esp\u00edritu Santo, que derram\u00f3 en nosotros en abundancia, por Jesucristo nuestro Salvador.\u201d<\/p>\n\n\n\n<p class=\"wp-block-paragraph\">&nbsp;<strong>Juan 3:5<\/strong> \u201cRespondi\u00f3 Jes\u00fas: &#8220;Te aseguro: El que no nace de agua y del Esp\u00edritu, no puede entrar en el reino de Dios.\u201d<\/p>\n\n\n\n<p class=\"wp-block-paragraph\">\u201cLa fuente del coraz\u00f3n debe ser purificada antes de que los raudales puedan ser puros. El que est\u00e1 tratando de alcanzar el cielo por sus propias obras observando la ley, est\u00e1 intentando lo imposible. No hay seguridad para el que tenga s\u00f3lo una religi\u00f3n legal, solo una forma de piedad. La vida del cristiano no es una modificaci\u00f3n o mejora de la antigua, sino una transformaci\u00f3n de la naturaleza. Se produce una muerte al yo y al pecado, y una vida enteramente nueva. <strong>Este cambio puede ser efectuado \u00fanicamente por la obra eficaz del Esp\u00edritu Santo.<\/strong>\u201d&nbsp; <strong>D.T.G. 143\/2sp<\/strong><\/p>\n\n\n\n<ul class=\"wp-block-list\">\n<li><strong>Ser nacido de nuevo o del Esp\u00edritu de Dios, significa dejarnos guiar por el:<\/strong><\/li>\n<\/ul>\n\n\n\n<p class=\"wp-block-paragraph\"><strong>Romanos 8:9-14<\/strong> \u201cPero vosotros no viv\u00eds seg\u00fan la carne, sino seg\u00fan el Esp\u00edritu, si es que el Esp\u00edritu de Dios habita en vosotros.&nbsp; El que no tiene el Esp\u00edritu de Cristo, no es de \u00e9l. En cambio, si Cristo est\u00e1 en vosotros, vuestro cuerpo est\u00e1 muerto a causa del pecado, pero vuestro esp\u00edritu vive a causa de la justicia. Y si el Esp\u00edritu de aquel que levant\u00f3 de los muertos a Jes\u00fas habita en vosotros, el que levant\u00f3 a Cristo Jes\u00fas de entre los muertos, vivificar\u00e1 tambi\u00e9n vuestro cuerpo mortal, por medio de su Esp\u00edritu que habita en vosotros. As\u00ed, hermanos, somos deudores, no a la carne, para que vivamos seg\u00fan la carne. Porque si viv\u00eds conforme a la carne, morir\u00e9is.&nbsp; Pero si por el Esp\u00edritu dais muerte a las obras de la carne, vivir\u00e9is. Porque todos los que son guiados por el Esp\u00edritu de Dios, \u00e9stos son hijos de Dios.\u201d<\/p>\n\n\n\n<ul class=\"wp-block-list\">\n<li><strong>La conversi\u00f3n crea una nueva capacidad para conocer a Dios y tener un cambio de vida:<\/strong><\/li>\n<\/ul>\n\n\n\n<p class=\"wp-block-paragraph\"><strong>Ezequiel 36:26-27<\/strong> \u201c&#8221;Os dar\u00e9 un coraz\u00f3n nuevo, y pondr\u00e9 un esp\u00edritu nuevo dentro de vosotros. Quitar\u00e9 de vuestra carne el coraz\u00f3n de piedra, y os dar\u00e9 un coraz\u00f3n de carne. &#8220;Pondr\u00e9 mi Esp\u00edritu dentro de vosotros, y har\u00e9 que and\u00e9is en mis Mandamientos, que guard\u00e9is mis normas, y las cumpl\u00e1is.\u201d<\/p>\n\n\n\n<p class=\"wp-block-paragraph\">\u201cCuando el Esp\u00edritu de Dios se posesiona&nbsp; del coraz\u00f3n, transforma la vida. Los pensamientos pecaminosos son puestos&nbsp; a un lado, las malas acciones son abandonadas; el amor, la humildad y la paz, reemplaza a la tristeza, y el rostro refleja la luz del cielo. Nadie ve la mano que alza la carga, ni contempla la luz que desciende de los atrios celestiales. La bendici\u00f3n viene cuando por la fe el alma se entrega a Dios. Entonces ese poder que ning\u00fan ojo humano puede ver, crea un nuevo ser a la imagen de Dios\u201d <strong>D.T.G. 144\/1sp<\/strong><br>\u201cTan pronto como una persona se ha convertido realmente a la verdad, brota en su coraz\u00f3n un ardiente deseo de ir y hablar a alg\u00fan amigo o vecino acerca de la preciosa luz que resplandece en las p\u00e1ginas sagradas.&nbsp; En esta labor abnegada de salvar a otros, es una ep\u00edstola viva, conocida y le\u00edda de todos los hombres.&nbsp; Su vida demuestra que se convirti\u00f3 a Cristo, y lleg\u00f3 a ser colaborador con \u00e9l.\u201d <strong>2J.T. 127\/2<\/strong><\/p>\n\n\n\n<hr class=\"wp-block-separator has-alpha-channel-opacity is-style-wide\"\/>\n\n\n  \n  \n  <div class=\"\n    mailpoet_form_popup_overlay\n      \"><\/div>\n  <div\n    id=\"mailpoet_form_1\"\n    class=\"\n      mailpoet_form\n      mailpoet_form_html\n      mailpoet_form_position_\n      mailpoet_form_animation_\n    \"\n      >\n\n    <style type=\"text\/css\">\n     #mailpoet_form_1 .mailpoet_form {  }\n#mailpoet_form_1 form { margin-bottom: 0; }\n#mailpoet_form_1 p.mailpoet_form_paragraph.last { margin-bottom: 5px; }\n#mailpoet_form_1 h2.mailpoet-heading { margin-bottom: 20px; margin-top: 0; }\n#mailpoet_form_1 .mailpoet_column_with_background { padding: 10px; }\n#mailpoet_form_1 .mailpoet_form_column:not(:first-child) { margin-left: 20px; }\n#mailpoet_form_1 .mailpoet_paragraph { line-height: 20px; margin-bottom: 20px; }\n#mailpoet_form_1 .mailpoet_segment_label, #mailpoet_form_1 .mailpoet_text_label, #mailpoet_form_1 .mailpoet_textarea_label, #mailpoet_form_1 .mailpoet_select_label, #mailpoet_form_1 .mailpoet_radio_label, #mailpoet_form_1 .mailpoet_checkbox_label, #mailpoet_form_1 .mailpoet_list_label, #mailpoet_form_1 .mailpoet_date_label { display: block; font-weight: normal; }\n#mailpoet_form_1 .mailpoet_text, #mailpoet_form_1 .mailpoet_textarea, #mailpoet_form_1 .mailpoet_select, #mailpoet_form_1 .mailpoet_date_month, #mailpoet_form_1 .mailpoet_date_day, #mailpoet_form_1 .mailpoet_date_year, #mailpoet_form_1 .mailpoet_date { display: block; }\n#mailpoet_form_1 .mailpoet_text, #mailpoet_form_1 .mailpoet_textarea { width: 200px; }\n#mailpoet_form_1 .mailpoet_checkbox {  }\n#mailpoet_form_1 .mailpoet_submit {  }\n#mailpoet_form_1 .mailpoet_divider {  }\n#mailpoet_form_1 .mailpoet_message {  }\n#mailpoet_form_1 .mailpoet_form_loading { width: 30px; text-align: center; line-height: normal; }\n#mailpoet_form_1 .mailpoet_form_loading > span { width: 5px; height: 5px; background-color: #5b5b5b; }#mailpoet_form_1{border-radius: 10px;text-align: center;}#mailpoet_form_1 form.mailpoet_form {padding: 35px;}#mailpoet_form_1{width: 100%;}#mailpoet_form_1 .mailpoet_message {margin: 0; padding: 0 20px;}\n        #mailpoet_form_1 .mailpoet_validate_success {color: #0693e3}\n        #mailpoet_form_1 input.parsley-success {color: #0693e3}\n        #mailpoet_form_1 select.parsley-success {color: #0693e3}\n        #mailpoet_form_1 textarea.parsley-success {color: #0693e3}\n      \n        #mailpoet_form_1 .mailpoet_validate_error {color: #cf2e2e}\n        #mailpoet_form_1 input.parsley-error {color: #cf2e2e}\n        #mailpoet_form_1 select.parsley-error {color: #cf2e2e}\n        #mailpoet_form_1 textarea.textarea.parsley-error {color: #cf2e2e}\n        #mailpoet_form_1 .parsley-errors-list {color: #cf2e2e}\n        #mailpoet_form_1 .parsley-required {color: #cf2e2e}\n        #mailpoet_form_1 .parsley-custom-error-message {color: #cf2e2e}\n      #mailpoet_form_1 .mailpoet_paragraph.last {margin-bottom: 0} @media (max-width: 500px) {#mailpoet_form_1 {background-image: none;}} @media (min-width: 500px) {#mailpoet_form_1 .last .mailpoet_paragraph:last-child {margin-bottom: 0}}  @media (max-width: 500px) {#mailpoet_form_1 .mailpoet_form_column:last-child .mailpoet_paragraph:last-child {margin-bottom: 0}} \n    <\/style>\n\n    <form\n      target=\"_self\"\n      method=\"post\"\n      action=\"https:\/\/reformacolombia.org\/wp-admin\/admin-post.php?action=mailpoet_subscription_form\"\n      class=\"mailpoet_form mailpoet_form_form mailpoet_form_html\"\n      novalidate\n      data-delay=\"\"\n      data-exit-intent-enabled=\"\"\n      data-trigger-mode=\"\"\n      data-click-trigger-selector=\"\"\n      data-font-family=\"\"\n      data-cookie-expiration-time=\"\"\n    >\n      <input type=\"hidden\" name=\"data[form_id]\" value=\"1\" \/>\n      <input type=\"hidden\" name=\"token\" value=\"c6ab8e62ef\" \/>\n      <input type=\"hidden\" name=\"api_version\" value=\"v1\" \/>\n      <input type=\"hidden\" name=\"endpoint\" value=\"subscribers\" \/>\n      <input type=\"hidden\" name=\"mailpoet_method\" value=\"subscribe\" \/>\n\n      <label class=\"mailpoet_hp_email_label\" style=\"display: none !important;\">Please leave this field empty<input type=\"email\" name=\"data[email]\"\/><\/label><h2 class=\"mailpoet-heading  mailpoet-has-font-size\" style=\"text-align: center; color: #38527a; font-size: 20px; line-height: 1.5\">Recibe actualizaciones de la Uni\u00f3n Colombiana ASDMR<\/h2>\n<div class=\"mailpoet_paragraph \"><style>input[name=\"data[form_field_YmU4N2IzYjY0YjAyX2VtYWls]\"]::placeholder{color:#38527a;opacity: 1;}<\/style><input type=\"email\" autocomplete=\"email\" class=\"mailpoet_text\" id=\"form_email_1\" name=\"data[form_field_YmU4N2IzYjY0YjAyX2VtYWls]\" title=\"Direcci\u00f3n de correo electr\u00f3nico\" value=\"\" style=\"width:100%;box-sizing:border-box;background-color:#f8fbff;border-style:solid;border-radius:10px !important;border-width:0px;border-color:#38527a;padding:16px;margin: 0 auto;font-family:&#039;Montserrat&#039;;font-size:16px;line-height:1.5;height:auto;color:#38527a;\" data-automation-id=\"form_email\"  placeholder=\"Direcci\u00f3n de correo electr\u00f3nico *\" aria-label=\"Direcci\u00f3n de correo electr\u00f3nico *\" data-parsley-errors-container=\".mailpoet_error_1gboo\" data-parsley-required=\"true\" required aria-required=\"true\" data-parsley-minlength=\"6\" data-parsley-maxlength=\"150\" data-parsley-type-message=\"This value should be a valid email.\" data-parsley-required-message=\"This field is required.\"\/><span class=\"mailpoet_error_1gboo\"><\/span><\/div>\n<div class=\"mailpoet_paragraph \"><input type=\"submit\" class=\"mailpoet_submit\" value=\"\u00a1Suscribirme!\" data-automation-id=\"subscribe-submit-button\" data-font-family='Montserrat' style=\"width:100%;box-sizing:border-box;border-style:solid;border-radius:10px !important;border-width:0px;padding:16px;margin: 0 auto;font-family:&#039;Montserrat&#039;;font-size:19px;line-height:1.5;height:auto;color:#ffffff;border-color:transparent;background: linear-gradient(0deg,rgb(56,82,122) 0%,rgb(81,128,199) 100%);font-weight:bold;\" \/><span class=\"mailpoet_form_loading\"><span class=\"mailpoet_bounce1\"><\/span><span class=\"mailpoet_bounce2\"><\/span><span class=\"mailpoet_bounce3\"><\/span><\/span><\/div>\n\n      <div class=\"mailpoet_message\">\n        <p class=\"mailpoet_validate_success\"\n                style=\"display:none;\"\n                >Te hemos enviado un correo, por favor, revisa tu bandeja de entrada o la carpeta de correos no deseados para confirmar tu suscripci\u00f3n.\n        <\/p>\n        <p class=\"mailpoet_validate_error\"\n                style=\"display:none;\"\n                >        <\/p>\n      <\/div>\n    <\/form>\n\n      <\/div>\n\n  ","protected":false},"excerpt":{"rendered":"<p>Los principios de fe dicen as\u00ed: ARREPENTIMIENTO: Marcos 1:4 \u201cAs\u00ed, Juan el Bautista fue al desierto, y predicaba el bautismo [&hellip;]<\/p>\n","protected":false},"author":1,"featured_media":2421,"comment_status":"open","ping_status":"open","sticky":false,"template":"","format":"standard","meta":{"_uag_custom_page_level_css":"","site-sidebar-layout":"default","site-content-layout":"","ast-site-content-layout":"default","site-content-style":"default","site-sidebar-style":"default","ast-global-header-display":"","ast-banner-title-visibility":"","ast-main-header-display":"","ast-hfb-above-header-display":"","ast-hfb-below-header-display":"","ast-hfb-mobile-header-display":"","site-post-title":"","ast-breadcrumbs-content":"","ast-featured-img":"disabled","footer-sml-layout":"","ast-disable-related-posts":"","theme-transparent-header-meta":"","adv-header-id-meta":"","stick-header-meta":"","header-above-stick-meta":"","header-main-stick-meta":"","header-below-stick-meta":"","astra-migrate-meta-layouts":"set","ast-page-background-enabled":"default","ast-page-background-meta":{"desktop":{"background-color":"","background-image":"","background-repeat":"repeat","background-position":"center center","background-size":"auto","background-attachment":"scroll","background-type":"","background-media":"","overlay-type":"","overlay-color":"","overlay-opacity":"","overlay-gradient":""},"tablet":{"background-color":"","background-image":"","background-repeat":"repeat","background-position":"center center","background-size":"auto","background-attachment":"scroll","background-type":"","background-media":"","overlay-type":"","overlay-color":"","overlay-opacity":"","overlay-gradient":""},"mobile":{"background-color":"","background-image":"","background-repeat":"repeat","background-position":"center center","background-size":"auto","background-attachment":"scroll","background-type":"","background-media":"","overlay-type":"","overlay-color":"","overlay-opacity":"","overlay-gradient":""}},"ast-content-background-meta":{"desktop":{"background-color":"var(--ast-global-color-5)","background-image":"","background-repeat":"repeat","background-position":"center center","background-size":"auto","background-attachment":"scroll","background-type":"","background-media":"","overlay-type":"","overlay-color":"","overlay-opacity":"","overlay-gradient":""},"tablet":{"background-color":"var(--ast-global-color-5)","background-image":"","background-repeat":"repeat","background-position":"center center","background-size":"auto","background-attachment":"scroll","background-type":"","background-media":"","overlay-type":"","overlay-color":"","overlay-opacity":"","overlay-gradient":""},"mobile":{"background-color":"var(--ast-global-color-5)","background-image":"","background-repeat":"repeat","background-position":"center center","background-size":"auto","background-attachment":"scroll","background-type":"","background-media":"","overlay-type":"","overlay-color":"","overlay-opacity":"","overlay-gradient":""}},"_jetpack_newsletter_access":"","_jetpack_dont_email_post_to_subs":false,"_jetpack_newsletter_tier_id":0,"_jetpack_memberships_contains_paywalled_content":false,"_jetpack_feature_clip_id":0,"_jetpack_memberships_contains_paid_content":false,"footnotes":"","jetpack_post_was_ever_published":false},"categories":[14],"tags":[],"class_list":["post-2420","post","type-post","status-publish","format-standard","has-post-thumbnail","hentry","category-principios-de-fe"],"a3_pvc":{"activated":false,"total_views":0,"today_views":0},"yoast_head":"<!-- This site is optimized with the Yoast SEO plugin v28.4 - https:\/\/yoast.com\/product\/yoast-seo-wordpress\/ -->\n<title>Arrepentimiento, obediencia y renacimiento - ASDMR<\/title>\n<meta name=\"description\" content=\"Ezequiel 36:26-27 \u201c&quot;Os dar\u00e9 un coraz\u00f3n nuevo, y pondr\u00e9 un esp\u00edritu nuevo dentro de vosotros. Quitar\u00e9 de vuestra carne el coraz\u00f3n de piedra, y os dar\u00e9 un coraz\u00f3n de carne. &quot;Pondr\u00e9 mi Esp\u00edritu dentro de vosotros, y har\u00e9 que and\u00e9is en mis Mandamientos, que guard\u00e9is mis normas, y las cumpl\u00e1is.\u201d\" \/>\n<meta name=\"robots\" content=\"index, follow, max-snippet:-1, max-image-preview:large, max-video-preview:-1\" \/>\n<link rel=\"canonical\" href=\"https:\/\/reformacolombia.org\/es\/arrepentimiento-obediencia-y-renacimiento\/\" \/>\n<meta property=\"og:locale\" content=\"es_ES\" \/>\n<meta property=\"og:type\" content=\"article\" \/>\n<meta property=\"og:title\" content=\"Arrepentimiento, obediencia y renacimiento\" \/>\n<meta property=\"og:description\" content=\"Ezequiel 36:26-27 \u201c&quot;Os dar\u00e9 un coraz\u00f3n nuevo, y pondr\u00e9 un esp\u00edritu nuevo dentro de vosotros. Quitar\u00e9 de vuestra carne el coraz\u00f3n de piedra, y os dar\u00e9 un coraz\u00f3n de carne. &quot;Pondr\u00e9 mi Esp\u00edritu dentro de vosotros, y har\u00e9 que and\u00e9is en mis Mandamientos, que guard\u00e9is mis normas, y las cumpl\u00e1is.\u201d\" \/>\n<meta property=\"og:url\" content=\"https:\/\/reformacolombia.org\/es\/arrepentimiento-obediencia-y-renacimiento\/\" \/>\n<meta property=\"og:site_name\" content=\"ASDMR\" \/>\n<meta property=\"article:publisher\" content=\"https:\/\/www.facebook.com\/asdmrTV\" \/>\n<meta property=\"article:published_time\" content=\"2024-09-28T14:52:38+00:00\" \/>\n<meta property=\"article:modified_time\" content=\"2025-04-15T14:57:40+00:00\" \/>\n<meta property=\"og:image\" content=\"https:\/\/reformacolombia.org\/wp-content\/uploads\/2025\/04\/Web-Entradas-37.jpg\" \/>\n\t<meta property=\"og:image:width\" content=\"1920\" \/>\n\t<meta property=\"og:image:height\" content=\"1080\" \/>\n\t<meta property=\"og:image:type\" content=\"image\/jpeg\" \/>\n<meta name=\"author\" content=\"administraci\u00f3n\" \/>\n<meta name=\"twitter:card\" content=\"summary_large_image\" \/>\n<meta name=\"twitter:label1\" content=\"Escrito por\" \/>\n\t<meta name=\"twitter:data1\" content=\"administraci\u00f3n\" \/>\n\t<meta name=\"twitter:label2\" content=\"Tiempo de lectura\" \/>\n\t<meta name=\"twitter:data2\" content=\"22 minutos\" \/>\n<script type=\"application\/ld+json\" class=\"yoast-schema-graph\">{\"@context\":\"https:\\\/\\\/schema.org\",\"@graph\":[{\"@type\":\"Article\",\"@id\":\"https:\\\/\\\/reformacolombia.org\\\/arrepentimiento-obediencia-y-renacimiento\\\/#article\",\"isPartOf\":{\"@id\":\"https:\\\/\\\/reformacolombia.org\\\/arrepentimiento-obediencia-y-renacimiento\\\/\"},\"author\":{\"name\":\"administraci\u00f3n\",\"@id\":\"https:\\\/\\\/reformacolombia.org\\\/#\\\/schema\\\/person\\\/781b5a38d4ad9126863cbe481e49f4f8\"},\"headline\":\"Arrepentimiento, obediencia y renacimiento\",\"datePublished\":\"2024-09-28T14:52:38+00:00\",\"dateModified\":\"2025-04-15T14:57:40+00:00\",\"mainEntityOfPage\":{\"@id\":\"https:\\\/\\\/reformacolombia.org\\\/arrepentimiento-obediencia-y-renacimiento\\\/\"},\"wordCount\":5049,\"commentCount\":0,\"publisher\":{\"@id\":\"https:\\\/\\\/reformacolombia.org\\\/#organization\"},\"image\":{\"@id\":\"https:\\\/\\\/reformacolombia.org\\\/arrepentimiento-obediencia-y-renacimiento\\\/#primaryimage\"},\"thumbnailUrl\":\"https:\\\/\\\/i0.wp.com\\\/reformacolombia.org\\\/wp-content\\\/uploads\\\/2025\\\/04\\\/Web-Entradas-37.jpg?fit=1920%2C1080&ssl=1\",\"articleSection\":[\"Principios de Fe\"],\"inLanguage\":\"es\",\"potentialAction\":[{\"@type\":\"CommentAction\",\"name\":\"Comment\",\"target\":[\"https:\\\/\\\/reformacolombia.org\\\/arrepentimiento-obediencia-y-renacimiento\\\/#respond\"]}]},{\"@type\":\"WebPage\",\"@id\":\"https:\\\/\\\/reformacolombia.org\\\/arrepentimiento-obediencia-y-renacimiento\\\/\",\"url\":\"https:\\\/\\\/reformacolombia.org\\\/arrepentimiento-obediencia-y-renacimiento\\\/\",\"name\":\"Arrepentimiento, obediencia y renacimiento - ASDMR\",\"isPartOf\":{\"@id\":\"https:\\\/\\\/reformacolombia.org\\\/#website\"},\"primaryImageOfPage\":{\"@id\":\"https:\\\/\\\/reformacolombia.org\\\/arrepentimiento-obediencia-y-renacimiento\\\/#primaryimage\"},\"image\":{\"@id\":\"https:\\\/\\\/reformacolombia.org\\\/arrepentimiento-obediencia-y-renacimiento\\\/#primaryimage\"},\"thumbnailUrl\":\"https:\\\/\\\/i0.wp.com\\\/reformacolombia.org\\\/wp-content\\\/uploads\\\/2025\\\/04\\\/Web-Entradas-37.jpg?fit=1920%2C1080&ssl=1\",\"datePublished\":\"2024-09-28T14:52:38+00:00\",\"dateModified\":\"2025-04-15T14:57:40+00:00\",\"description\":\"Ezequiel 36:26-27 \u201c\\\"Os dar\u00e9 un coraz\u00f3n nuevo, y pondr\u00e9 un esp\u00edritu nuevo dentro de vosotros. Quitar\u00e9 de vuestra carne el coraz\u00f3n de piedra, y os dar\u00e9 un coraz\u00f3n de carne. \\\"Pondr\u00e9 mi Esp\u00edritu dentro de vosotros, y har\u00e9 que and\u00e9is en mis Mandamientos, que guard\u00e9is mis normas, y las cumpl\u00e1is.\u201d\",\"breadcrumb\":{\"@id\":\"https:\\\/\\\/reformacolombia.org\\\/arrepentimiento-obediencia-y-renacimiento\\\/#breadcrumb\"},\"inLanguage\":\"es\",\"potentialAction\":[{\"@type\":\"ReadAction\",\"target\":[\"https:\\\/\\\/reformacolombia.org\\\/arrepentimiento-obediencia-y-renacimiento\\\/\"]}]},{\"@type\":\"ImageObject\",\"inLanguage\":\"es\",\"@id\":\"https:\\\/\\\/reformacolombia.org\\\/arrepentimiento-obediencia-y-renacimiento\\\/#primaryimage\",\"url\":\"https:\\\/\\\/i0.wp.com\\\/reformacolombia.org\\\/wp-content\\\/uploads\\\/2025\\\/04\\\/Web-Entradas-37.jpg?fit=1920%2C1080&ssl=1\",\"contentUrl\":\"https:\\\/\\\/i0.wp.com\\\/reformacolombia.org\\\/wp-content\\\/uploads\\\/2025\\\/04\\\/Web-Entradas-37.jpg?fit=1920%2C1080&ssl=1\",\"width\":1920,\"height\":1080},{\"@type\":\"BreadcrumbList\",\"@id\":\"https:\\\/\\\/reformacolombia.org\\\/arrepentimiento-obediencia-y-renacimiento\\\/#breadcrumb\",\"itemListElement\":[{\"@type\":\"ListItem\",\"position\":1,\"name\":\"Inicio\",\"item\":\"https:\\\/\\\/reformacolombia.org\\\/\"},{\"@type\":\"ListItem\",\"position\":2,\"name\":\"Arrepentimiento, obediencia y renacimiento\"}]},{\"@type\":\"WebSite\",\"@id\":\"https:\\\/\\\/reformacolombia.org\\\/#website\",\"url\":\"https:\\\/\\\/reformacolombia.org\\\/\",\"name\":\"www.reformacolombia.org\",\"description\":\"Iglesia Adventista del S\u00e9ptimo D\u00eda movimiento de Reforma - ASDMR -\",\"publisher\":{\"@id\":\"https:\\\/\\\/reformacolombia.org\\\/#organization\"},\"potentialAction\":[{\"@type\":\"SearchAction\",\"target\":{\"@type\":\"EntryPoint\",\"urlTemplate\":\"https:\\\/\\\/reformacolombia.org\\\/?s={search_term_string}\"},\"query-input\":{\"@type\":\"PropertyValueSpecification\",\"valueRequired\":true,\"valueName\":\"search_term_string\"}}],\"inLanguage\":\"es\"},{\"@type\":\"Organization\",\"@id\":\"https:\\\/\\\/reformacolombia.org\\\/#organization\",\"name\":\"Adventistas del S\u00e9ptimo D\u00eda Movimiento de Reforma\",\"url\":\"https:\\\/\\\/reformacolombia.org\\\/\",\"logo\":{\"@type\":\"ImageObject\",\"inLanguage\":\"es\",\"@id\":\"https:\\\/\\\/reformacolombia.org\\\/#\\\/schema\\\/logo\\\/image\\\/\",\"url\":\"https:\\\/\\\/reformacolombia.org\\\/wp-content\\\/uploads\\\/2024\\\/11\\\/logo_01.png\",\"contentUrl\":\"https:\\\/\\\/reformacolombia.org\\\/wp-content\\\/uploads\\\/2024\\\/11\\\/logo_01.png\",\"width\":1596,\"height\":670,\"caption\":\"Adventistas del S\u00e9ptimo D\u00eda Movimiento de Reforma\"},\"image\":{\"@id\":\"https:\\\/\\\/reformacolombia.org\\\/#\\\/schema\\\/logo\\\/image\\\/\"},\"sameAs\":[\"https:\\\/\\\/www.facebook.com\\\/asdmrTV\"]},{\"@type\":\"Person\",\"@id\":\"https:\\\/\\\/reformacolombia.org\\\/#\\\/schema\\\/person\\\/781b5a38d4ad9126863cbe481e49f4f8\",\"name\":\"administraci\u00f3n\",\"image\":{\"@type\":\"ImageObject\",\"inLanguage\":\"es\",\"@id\":\"https:\\\/\\\/secure.gravatar.com\\\/avatar\\\/6639b2b4a7e3e288d674bff33f2b18df535ae6e7b89f7b46a13cf2467b33bbba?s=96&d=mm&r=g\",\"url\":\"https:\\\/\\\/secure.gravatar.com\\\/avatar\\\/6639b2b4a7e3e288d674bff33f2b18df535ae6e7b89f7b46a13cf2467b33bbba?s=96&d=mm&r=g\",\"contentUrl\":\"https:\\\/\\\/secure.gravatar.com\\\/avatar\\\/6639b2b4a7e3e288d674bff33f2b18df535ae6e7b89f7b46a13cf2467b33bbba?s=96&d=mm&r=g\",\"caption\":\"administraci\u00f3n\"},\"sameAs\":[\"https:\\\/\\\/reformacolombia.org\"],\"url\":\"https:\\\/\\\/reformacolombia.org\\\/es\\\/author\\\/admin\\\/\"}]}<\/script>\n<!-- \/ Yoast SEO plugin. -->","yoast_head_json":{"title":"Arrepentimiento, obediencia y renacimiento - ASDMR","description":"Ezequiel 36:26-27 \u201c\"Os dar\u00e9 un coraz\u00f3n nuevo, y pondr\u00e9 un esp\u00edritu nuevo dentro de vosotros. Quitar\u00e9 de vuestra carne el coraz\u00f3n de piedra, y os dar\u00e9 un coraz\u00f3n de carne. \"Pondr\u00e9 mi Esp\u00edritu dentro de vosotros, y har\u00e9 que and\u00e9is en mis Mandamientos, que guard\u00e9is mis normas, y las cumpl\u00e1is.\u201d","robots":{"index":"index","follow":"follow","max-snippet":"max-snippet:-1","max-image-preview":"max-image-preview:large","max-video-preview":"max-video-preview:-1"},"canonical":"https:\/\/reformacolombia.org\/es\/arrepentimiento-obediencia-y-renacimiento\/","og_locale":"es_ES","og_type":"article","og_title":"Arrepentimiento, obediencia y renacimiento","og_description":"Ezequiel 36:26-27 \u201c\"Os dar\u00e9 un coraz\u00f3n nuevo, y pondr\u00e9 un esp\u00edritu nuevo dentro de vosotros. Quitar\u00e9 de vuestra carne el coraz\u00f3n de piedra, y os dar\u00e9 un coraz\u00f3n de carne. \"Pondr\u00e9 mi Esp\u00edritu dentro de vosotros, y har\u00e9 que and\u00e9is en mis Mandamientos, que guard\u00e9is mis normas, y las cumpl\u00e1is.\u201d","og_url":"https:\/\/reformacolombia.org\/es\/arrepentimiento-obediencia-y-renacimiento\/","og_site_name":"ASDMR","article_publisher":"https:\/\/www.facebook.com\/asdmrTV","article_published_time":"2024-09-28T14:52:38+00:00","article_modified_time":"2025-04-15T14:57:40+00:00","og_image":[{"width":1920,"height":1080,"url":"https:\/\/reformacolombia.org\/wp-content\/uploads\/2025\/04\/Web-Entradas-37.jpg","type":"image\/jpeg"}],"author":"administraci\u00f3n","twitter_card":"summary_large_image","twitter_misc":{"Escrito por":"administraci\u00f3n","Tiempo de lectura":"22 minutos"},"schema":{"@context":"https:\/\/schema.org","@graph":[{"@type":"Article","@id":"https:\/\/reformacolombia.org\/arrepentimiento-obediencia-y-renacimiento\/#article","isPartOf":{"@id":"https:\/\/reformacolombia.org\/arrepentimiento-obediencia-y-renacimiento\/"},"author":{"name":"administraci\u00f3n","@id":"https:\/\/reformacolombia.org\/#\/schema\/person\/781b5a38d4ad9126863cbe481e49f4f8"},"headline":"Arrepentimiento, obediencia y renacimiento","datePublished":"2024-09-28T14:52:38+00:00","dateModified":"2025-04-15T14:57:40+00:00","mainEntityOfPage":{"@id":"https:\/\/reformacolombia.org\/arrepentimiento-obediencia-y-renacimiento\/"},"wordCount":5049,"commentCount":0,"publisher":{"@id":"https:\/\/reformacolombia.org\/#organization"},"image":{"@id":"https:\/\/reformacolombia.org\/arrepentimiento-obediencia-y-renacimiento\/#primaryimage"},"thumbnailUrl":"https:\/\/i0.wp.com\/reformacolombia.org\/wp-content\/uploads\/2025\/04\/Web-Entradas-37.jpg?fit=1920%2C1080&ssl=1","articleSection":["Principios de Fe"],"inLanguage":"es","potentialAction":[{"@type":"CommentAction","name":"Comment","target":["https:\/\/reformacolombia.org\/arrepentimiento-obediencia-y-renacimiento\/#respond"]}]},{"@type":"WebPage","@id":"https:\/\/reformacolombia.org\/arrepentimiento-obediencia-y-renacimiento\/","url":"https:\/\/reformacolombia.org\/arrepentimiento-obediencia-y-renacimiento\/","name":"Arrepentimiento, obediencia y renacimiento - ASDMR","isPartOf":{"@id":"https:\/\/reformacolombia.org\/#website"},"primaryImageOfPage":{"@id":"https:\/\/reformacolombia.org\/arrepentimiento-obediencia-y-renacimiento\/#primaryimage"},"image":{"@id":"https:\/\/reformacolombia.org\/arrepentimiento-obediencia-y-renacimiento\/#primaryimage"},"thumbnailUrl":"https:\/\/i0.wp.com\/reformacolombia.org\/wp-content\/uploads\/2025\/04\/Web-Entradas-37.jpg?fit=1920%2C1080&ssl=1","datePublished":"2024-09-28T14:52:38+00:00","dateModified":"2025-04-15T14:57:40+00:00","description":"Ezequiel 36:26-27 \u201c\"Os dar\u00e9 un coraz\u00f3n nuevo, y pondr\u00e9 un esp\u00edritu nuevo dentro de vosotros. Quitar\u00e9 de vuestra carne el coraz\u00f3n de piedra, y os dar\u00e9 un coraz\u00f3n de carne. \"Pondr\u00e9 mi Esp\u00edritu dentro de vosotros, y har\u00e9 que and\u00e9is en mis Mandamientos, que guard\u00e9is mis normas, y las cumpl\u00e1is.\u201d","breadcrumb":{"@id":"https:\/\/reformacolombia.org\/arrepentimiento-obediencia-y-renacimiento\/#breadcrumb"},"inLanguage":"es","potentialAction":[{"@type":"ReadAction","target":["https:\/\/reformacolombia.org\/arrepentimiento-obediencia-y-renacimiento\/"]}]},{"@type":"ImageObject","inLanguage":"es","@id":"https:\/\/reformacolombia.org\/arrepentimiento-obediencia-y-renacimiento\/#primaryimage","url":"https:\/\/i0.wp.com\/reformacolombia.org\/wp-content\/uploads\/2025\/04\/Web-Entradas-37.jpg?fit=1920%2C1080&ssl=1","contentUrl":"https:\/\/i0.wp.com\/reformacolombia.org\/wp-content\/uploads\/2025\/04\/Web-Entradas-37.jpg?fit=1920%2C1080&ssl=1","width":1920,"height":1080},{"@type":"BreadcrumbList","@id":"https:\/\/reformacolombia.org\/arrepentimiento-obediencia-y-renacimiento\/#breadcrumb","itemListElement":[{"@type":"ListItem","position":1,"name":"Inicio","item":"https:\/\/reformacolombia.org\/"},{"@type":"ListItem","position":2,"name":"Arrepentimiento, obediencia y renacimiento"}]},{"@type":"WebSite","@id":"https:\/\/reformacolombia.org\/#website","url":"https:\/\/reformacolombia.org\/","name":"www.reformacolombia.org","description":"Iglesia Adventista del S\u00e9ptimo D\u00eda movimiento de Reforma - ASDMR -","publisher":{"@id":"https:\/\/reformacolombia.org\/#organization"},"potentialAction":[{"@type":"SearchAction","target":{"@type":"EntryPoint","urlTemplate":"https:\/\/reformacolombia.org\/?s={search_term_string}"},"query-input":{"@type":"PropertyValueSpecification","valueRequired":true,"valueName":"search_term_string"}}],"inLanguage":"es"},{"@type":"Organization","@id":"https:\/\/reformacolombia.org\/#organization","name":"Adventistas del S\u00e9ptimo D\u00eda Movimiento de Reforma","url":"https:\/\/reformacolombia.org\/","logo":{"@type":"ImageObject","inLanguage":"es","@id":"https:\/\/reformacolombia.org\/#\/schema\/logo\/image\/","url":"https:\/\/reformacolombia.org\/wp-content\/uploads\/2024\/11\/logo_01.png","contentUrl":"https:\/\/reformacolombia.org\/wp-content\/uploads\/2024\/11\/logo_01.png","width":1596,"height":670,"caption":"Adventistas del S\u00e9ptimo D\u00eda Movimiento de Reforma"},"image":{"@id":"https:\/\/reformacolombia.org\/#\/schema\/logo\/image\/"},"sameAs":["https:\/\/www.facebook.com\/asdmrTV"]},{"@type":"Person","@id":"https:\/\/reformacolombia.org\/#\/schema\/person\/781b5a38d4ad9126863cbe481e49f4f8","name":"administraci\u00f3n","image":{"@type":"ImageObject","inLanguage":"es","@id":"https:\/\/secure.gravatar.com\/avatar\/6639b2b4a7e3e288d674bff33f2b18df535ae6e7b89f7b46a13cf2467b33bbba?s=96&d=mm&r=g","url":"https:\/\/secure.gravatar.com\/avatar\/6639b2b4a7e3e288d674bff33f2b18df535ae6e7b89f7b46a13cf2467b33bbba?s=96&d=mm&r=g","contentUrl":"https:\/\/secure.gravatar.com\/avatar\/6639b2b4a7e3e288d674bff33f2b18df535ae6e7b89f7b46a13cf2467b33bbba?s=96&d=mm&r=g","caption":"administraci\u00f3n"},"sameAs":["https:\/\/reformacolombia.org"],"url":"https:\/\/reformacolombia.org\/es\/author\/admin\/"}]}},"uagb_featured_image_src":{"full":["https:\/\/i0.wp.com\/reformacolombia.org\/wp-content\/uploads\/2025\/04\/Web-Entradas-37.jpg?fit=1920%2C1080&ssl=1",1920,1080,false],"thumbnail":["https:\/\/i0.wp.com\/reformacolombia.org\/wp-content\/uploads\/2025\/04\/Web-Entradas-37.jpg?resize=150%2C150&ssl=1",150,150,true],"medium":["https:\/\/i0.wp.com\/reformacolombia.org\/wp-content\/uploads\/2025\/04\/Web-Entradas-37.jpg?fit=300%2C169&ssl=1",300,169,true],"medium_large":["https:\/\/i0.wp.com\/reformacolombia.org\/wp-content\/uploads\/2025\/04\/Web-Entradas-37.jpg?fit=768%2C432&ssl=1",768,432,true],"large":["https:\/\/i0.wp.com\/reformacolombia.org\/wp-content\/uploads\/2025\/04\/Web-Entradas-37.jpg?fit=1024%2C576&ssl=1",1024,576,true],"1536x1536":["https:\/\/i0.wp.com\/reformacolombia.org\/wp-content\/uploads\/2025\/04\/Web-Entradas-37.jpg?fit=1536%2C864&ssl=1",1536,864,true],"2048x2048":["https:\/\/i0.wp.com\/reformacolombia.org\/wp-content\/uploads\/2025\/04\/Web-Entradas-37.jpg?fit=1920%2C1080&ssl=1",1920,1080,true],"trp-custom-language-flag":["https:\/\/i0.wp.com\/reformacolombia.org\/wp-content\/uploads\/2025\/04\/Web-Entradas-37.jpg?fit=18%2C10&ssl=1",18,10,true],"mailpoet_newsletter_max":["https:\/\/i0.wp.com\/reformacolombia.org\/wp-content\/uploads\/2025\/04\/Web-Entradas-37.jpg?fit=1320%2C743&ssl=1",1320,743,true]},"uagb_author_info":{"display_name":"administraci\u00f3n","author_link":"https:\/\/reformacolombia.org\/es\/author\/admin\/"},"uagb_comment_info":0,"uagb_excerpt":"Los principios de fe dicen as\u00ed: ARREPENTIMIENTO: Marcos 1:4 \u201cAs\u00ed, Juan el Bautista fue al desierto, y predicaba el bautismo [&hellip;]","jetpack_sharing_enabled":true,"jetpack-related-posts":[{"id":1879,"url":"https:\/\/reformacolombia.org\/es\/administrando-para-dios\/","url_meta":{"origin":2420,"position":0},"title":"Administrando Para Dios","author":"administraci\u00f3n","date":"20\/11\/2024","format":false,"excerpt":"Es por lo tanto el deber de los lideres regionales, instruir y orientar debidamente a cada uno de los integrantes de los comit\u00e9s locales y departamentos de Iglesia, a fin de que la obra del Se\u00f1or sea dirigida con sabidur\u00eda y orden, que Dios pueda bendecir la labor realizada, que\u2026","rel":"","context":"En \u00abDepartamentales\u00bb","block_context":{"text":"Departamentales","link":"https:\/\/reformacolombia.org\/es\/category\/departamentales\/"},"img":{"alt_text":"","src":"https:\/\/i0.wp.com\/reformacolombia.org\/wp-content\/uploads\/2024\/11\/Administrando.jpg?fit=1200%2C675&ssl=1&resize=350%2C200","width":350,"height":200,"srcset":"https:\/\/i0.wp.com\/reformacolombia.org\/wp-content\/uploads\/2024\/11\/Administrando.jpg?fit=1200%2C675&ssl=1&resize=350%2C200 1x, https:\/\/i0.wp.com\/reformacolombia.org\/wp-content\/uploads\/2024\/11\/Administrando.jpg?fit=1200%2C675&ssl=1&resize=525%2C300 1.5x, https:\/\/i0.wp.com\/reformacolombia.org\/wp-content\/uploads\/2024\/11\/Administrando.jpg?fit=1200%2C675&ssl=1&resize=700%2C400 2x, https:\/\/i0.wp.com\/reformacolombia.org\/wp-content\/uploads\/2024\/11\/Administrando.jpg?fit=1200%2C675&ssl=1&resize=1050%2C600 3x"},"classes":[]},{"id":1966,"url":"https:\/\/reformacolombia.org\/es\/historia-denominacional\/","url_meta":{"origin":2420,"position":1},"title":"Historia Denominacional","author":"administraci\u00f3n","date":"01\/07\/2024","format":false,"excerpt":"\u201cNo tenemos nada que temer del futuro, a menos que olvidemos la manera en que el Se\u00f1or nos ha conducido, y lo que nos ha ense\u00f1ado en nuestra historia pasada\u201d. 9TI p\u00e1gina 9 https:\/\/www.youtube.com\/watch?v=sUTRWrxpmm0 La Historia de la Iglesia I https:\/\/www.youtube.com\/watch?v=OA3UMkOhKP8 La Historia de la Iglesia II https:\/\/www.youtube.com\/watch?v=iylHwp-06Pg El Mensaje\u2026","rel":"","context":"En \u00abHistoria\u00bb","block_context":{"text":"Historia","link":"https:\/\/reformacolombia.org\/es\/category\/historia\/"},"img":{"alt_text":"","src":"https:\/\/i0.wp.com\/reformacolombia.org\/wp-content\/uploads\/2024\/11\/Historia.jpg?fit=1200%2C675&ssl=1&resize=350%2C200","width":350,"height":200,"srcset":"https:\/\/i0.wp.com\/reformacolombia.org\/wp-content\/uploads\/2024\/11\/Historia.jpg?fit=1200%2C675&ssl=1&resize=350%2C200 1x, https:\/\/i0.wp.com\/reformacolombia.org\/wp-content\/uploads\/2024\/11\/Historia.jpg?fit=1200%2C675&ssl=1&resize=525%2C300 1.5x, https:\/\/i0.wp.com\/reformacolombia.org\/wp-content\/uploads\/2024\/11\/Historia.jpg?fit=1200%2C675&ssl=1&resize=700%2C400 2x, https:\/\/i0.wp.com\/reformacolombia.org\/wp-content\/uploads\/2024\/11\/Historia.jpg?fit=1200%2C675&ssl=1&resize=1050%2C600 3x"},"classes":[]},{"id":1995,"url":"https:\/\/reformacolombia.org\/es\/salid-de-las-ciudades\/","url_meta":{"origin":2420,"position":2},"title":"Salid de las Ciudades","author":"administraci\u00f3n","date":"04\/12\/2024","format":false,"excerpt":"Una vez y otra el Se\u00f1or ha instruido a los miembros de su pueblo a que saquen sus familias de las ciudades y las lleven al campo, donde puedan cultivar sus propias provisiones, porque en el futuro el problema de comprar y vender ser\u00e1 muy serio. Mensajes Selectos, Tomo 2\u2026","rel":"","context":"En \u00abDoctrina\u00bb","block_context":{"text":"Doctrina","link":"https:\/\/reformacolombia.org\/es\/category\/doctrina\/"},"img":{"alt_text":"","src":"https:\/\/i0.wp.com\/reformacolombia.org\/wp-content\/uploads\/2024\/12\/campo.jpg?fit=1200%2C675&ssl=1&resize=350%2C200","width":350,"height":200,"srcset":"https:\/\/i0.wp.com\/reformacolombia.org\/wp-content\/uploads\/2024\/12\/campo.jpg?fit=1200%2C675&ssl=1&resize=350%2C200 1x, https:\/\/i0.wp.com\/reformacolombia.org\/wp-content\/uploads\/2024\/12\/campo.jpg?fit=1200%2C675&ssl=1&resize=525%2C300 1.5x, https:\/\/i0.wp.com\/reformacolombia.org\/wp-content\/uploads\/2024\/12\/campo.jpg?fit=1200%2C675&ssl=1&resize=700%2C400 2x, https:\/\/i0.wp.com\/reformacolombia.org\/wp-content\/uploads\/2024\/12\/campo.jpg?fit=1200%2C675&ssl=1&resize=1050%2C600 3x"},"classes":[]},{"id":1992,"url":"https:\/\/reformacolombia.org\/es\/apostasia-alfa-y-omega\/","url_meta":{"origin":2420,"position":3},"title":"Apostas\u00eda Alfa y Omega","author":"administraci\u00f3n","date":"23\/07\/2024","format":false,"excerpt":"Archivos y contexto de la verdadera historia y apostas\u00eda del reconocido doctor Jhon Harvey Kellogg y su libro: \"El Templo Viviente\". https:\/\/www.youtube.com\/watch?v=ZGJ6fegn15E","rel":"","context":"En \u00abHistoria\u00bb","block_context":{"text":"Historia","link":"https:\/\/reformacolombia.org\/es\/category\/historia\/"},"img":{"alt_text":"","src":"https:\/\/i0.wp.com\/reformacolombia.org\/wp-content\/uploads\/2024\/12\/alfa-y-omega.jpg?fit=1200%2C675&ssl=1&resize=350%2C200","width":350,"height":200,"srcset":"https:\/\/i0.wp.com\/reformacolombia.org\/wp-content\/uploads\/2024\/12\/alfa-y-omega.jpg?fit=1200%2C675&ssl=1&resize=350%2C200 1x, https:\/\/i0.wp.com\/reformacolombia.org\/wp-content\/uploads\/2024\/12\/alfa-y-omega.jpg?fit=1200%2C675&ssl=1&resize=525%2C300 1.5x, https:\/\/i0.wp.com\/reformacolombia.org\/wp-content\/uploads\/2024\/12\/alfa-y-omega.jpg?fit=1200%2C675&ssl=1&resize=700%2C400 2x, https:\/\/i0.wp.com\/reformacolombia.org\/wp-content\/uploads\/2024\/12\/alfa-y-omega.jpg?fit=1200%2C675&ssl=1&resize=1050%2C600 3x"},"classes":[]},{"id":2004,"url":"https:\/\/reformacolombia.org\/es\/un-planeta-a-punto-de-explotar\/","url_meta":{"origin":2420,"position":4},"title":"Un Planeta a Punto de Explotar","author":"administraci\u00f3n","date":"15\/07\/2024","format":false,"excerpt":"Romanos 13:11 Y esto, conociendo el tiempo, que es ya hora de levantarnos del sue\u00f1o; porque ahora est\u00e1 m\u00e1s cerca de nosotros nuestra salvaci\u00f3n que cuando cre\u00edmos. https:\/\/www.youtube.com\/watch?v=std24e3JGSE Tema por: Conf. Oscar Rangel","rel":"","context":"En \u00abProfec\u00eda\u00bb","block_context":{"text":"Profec\u00eda","link":"https:\/\/reformacolombia.org\/es\/category\/profecia\/"},"img":{"alt_text":"","src":"https:\/\/i0.wp.com\/reformacolombia.org\/wp-content\/uploads\/2024\/12\/profecia.jpg?fit=1200%2C675&ssl=1&resize=350%2C200","width":350,"height":200,"srcset":"https:\/\/i0.wp.com\/reformacolombia.org\/wp-content\/uploads\/2024\/12\/profecia.jpg?fit=1200%2C675&ssl=1&resize=350%2C200 1x, https:\/\/i0.wp.com\/reformacolombia.org\/wp-content\/uploads\/2024\/12\/profecia.jpg?fit=1200%2C675&ssl=1&resize=525%2C300 1.5x, https:\/\/i0.wp.com\/reformacolombia.org\/wp-content\/uploads\/2024\/12\/profecia.jpg?fit=1200%2C675&ssl=1&resize=700%2C400 2x, https:\/\/i0.wp.com\/reformacolombia.org\/wp-content\/uploads\/2024\/12\/profecia.jpg?fit=1200%2C675&ssl=1&resize=1050%2C600 3x"},"classes":[]},{"id":1989,"url":"https:\/\/reformacolombia.org\/es\/babilonia-antigua-y-moderna\/","url_meta":{"origin":2420,"position":5},"title":"Babilonia Antigua y Moderna","author":"administraci\u00f3n","date":"22\/07\/2024","format":false,"excerpt":"Babilonia fue una antigua civilizaci\u00f3n ubicada en la regi\u00f3n de Mesopotamia, en lo que hoy es Irak. Fue una de las culturas m\u00e1s importantes de la historia antigua registradas en la Biblia. Veremos el legado de Babilonia en el mundo actual con la religi\u00f3n Universal: Catolicismo. https:\/\/www.youtube.com\/watch?v=mOl8XuuNJZI","rel":"","context":"En \u00abApolog\u00e9tica\u00bb","block_context":{"text":"Apolog\u00e9tica","link":"https:\/\/reformacolombia.org\/es\/category\/apologetica\/"},"img":{"alt_text":"","src":"https:\/\/i0.wp.com\/reformacolombia.org\/wp-content\/uploads\/2024\/12\/Web-Entradas-5.jpg?fit=1200%2C675&ssl=1&resize=350%2C200","width":350,"height":200,"srcset":"https:\/\/i0.wp.com\/reformacolombia.org\/wp-content\/uploads\/2024\/12\/Web-Entradas-5.jpg?fit=1200%2C675&ssl=1&resize=350%2C200 1x, https:\/\/i0.wp.com\/reformacolombia.org\/wp-content\/uploads\/2024\/12\/Web-Entradas-5.jpg?fit=1200%2C675&ssl=1&resize=525%2C300 1.5x, https:\/\/i0.wp.com\/reformacolombia.org\/wp-content\/uploads\/2024\/12\/Web-Entradas-5.jpg?fit=1200%2C675&ssl=1&resize=700%2C400 2x, https:\/\/i0.wp.com\/reformacolombia.org\/wp-content\/uploads\/2024\/12\/Web-Entradas-5.jpg?fit=1200%2C675&ssl=1&resize=1050%2C600 3x"},"classes":[]}],"jetpack_featured_media_url":"https:\/\/i0.wp.com\/reformacolombia.org\/wp-content\/uploads\/2025\/04\/Web-Entradas-37.jpg?fit=1920%2C1080&ssl=1","_links":{"self":[{"href":"https:\/\/reformacolombia.org\/es\/wp-json\/wp\/v2\/posts\/2420","targetHints":{"allow":["GET"]}}],"collection":[{"href":"https:\/\/reformacolombia.org\/es\/wp-json\/wp\/v2\/posts"}],"about":[{"href":"https:\/\/reformacolombia.org\/es\/wp-json\/wp\/v2\/types\/post"}],"author":[{"embeddable":true,"href":"https:\/\/reformacolombia.org\/es\/wp-json\/wp\/v2\/users\/1"}],"replies":[{"embeddable":true,"href":"https:\/\/reformacolombia.org\/es\/wp-json\/wp\/v2\/comments?post=2420"}],"version-history":[{"count":1,"href":"https:\/\/reformacolombia.org\/es\/wp-json\/wp\/v2\/posts\/2420\/revisions"}],"predecessor-version":[{"id":2422,"href":"https:\/\/reformacolombia.org\/es\/wp-json\/wp\/v2\/posts\/2420\/revisions\/2422"}],"wp:featuredmedia":[{"embeddable":true,"href":"https:\/\/reformacolombia.org\/es\/wp-json\/wp\/v2\/media\/2421"}],"wp:attachment":[{"href":"https:\/\/reformacolombia.org\/es\/wp-json\/wp\/v2\/media?parent=2420"}],"wp:term":[{"taxonomy":"category","embeddable":true,"href":"https:\/\/reformacolombia.org\/es\/wp-json\/wp\/v2\/categories?post=2420"},{"taxonomy":"post_tag","embeddable":true,"href":"https:\/\/reformacolombia.org\/es\/wp-json\/wp\/v2\/tags?post=2420"}],"curies":[{"name":"wp","href":"https:\/\/api.w.org\/{rel}","templated":true}]}}