{"id":2361,"date":"2025-04-08T15:52:15","date_gmt":"2025-04-08T20:52:15","guid":{"rendered":"https:\/\/reformacolombia.org\/?p=2361"},"modified":"2025-04-25T11:27:03","modified_gmt":"2025-04-25T16:27:03","slug":"guialos-hacia-el-camino","status":"publish","type":"post","link":"https:\/\/reformacolombia.org\/es\/guialos-hacia-el-camino\/","title":{"rendered":"Gu\u00edalos hacia el Camino."},"content":{"rendered":"<p class=\"wp-block-paragraph\">Campa\u00f1a Evangel\u00edstica donde entregaremos el Libro: El Camino a Cristo. 19 de Abril de 2025 llevaremos la luz de la Salvaci\u00f3n al mundo.<\/p>\n\n\n\n<p class=\"wp-block-paragraph\"><strong>El Libro:<\/strong><\/p>\n\n\n\n<p class=\"wp-block-paragraph\"><em>En sus p\u00e1ginas, se nos presenta la noble figura de Jes\u00fas, no como un personaje muerto de la historia antigua, sino como el Cristo viviente que sigue realizando milagros, transformando la vida de todos aquellos que le invocan con fe<\/em>. <em>Que este libro, <strong>El Camino a Cristo,<\/strong><\/em>&nbsp;<em>contin\u00fae siendo lo que su nombre implica, para sus muchos lectores, es nuestro sincero y ferviente deseo.<\/em><\/p>\n\n\n\n<hr class=\"is-style-wide wp-block-separator has-alpha-channel-opacity\"\/>\n\n\n\n<p class=\"wp-block-paragraph\"><strong>Leer ahora El Camino a Cristo<\/strong><\/p>\n\n\n\n<div class=\"wp-block-buttons is-layout-flex wp-block-buttons-is-layout-flex\">\n<div class=\"is-style-outline wp-block-button is-style-outline--1\"><a class=\"wp-block-button__link wp-element-button\" href=\"https:\/\/egwwritings.org\/read?panels=p1749.26(1749.32)&amp;index=0#highlight=null,0:null,24|0\" target=\"_blank\" rel=\"noreferrer noopener\">El camino a Cristo (online)<\/a><\/div>\n<\/div>\n\n\n\n<hr class=\"is-style-wide wp-block-separator has-alpha-channel-opacity\"\/>\n\n\n\n<p class=\"wp-block-paragraph\"><strong>Escuchar ahora El Camino a Cristo<\/strong><\/p>\n\n\n\n<p class=\"wp-block-paragraph\">Audio-libro<\/p>\n\n\n\n<figure class=\"wp-block-audio\"><audio controls src=\"https:\/\/reformacolombia.org\/wp-content\/uploads\/2025\/04\/CC-01-El-amor-supremo.mp3\"><\/audio><figcaption class=\"wp-element-caption\"><strong>1. El Amor supremo<\/strong><\/figcaption><\/figure>\n\n\n\n<hr class=\"is-style-wide wp-block-separator has-alpha-channel-opacity\"\/>\n\n\n\n<figure class=\"wp-block-audio\"><audio controls src=\"https:\/\/reformacolombia.org\/wp-content\/uploads\/2025\/04\/CC-02-La-mas-urgente-necesidad-del-hombre.mp3\"><\/audio><figcaption class=\"wp-element-caption\"><strong>2. La m\u00e1s urgente necesidad del hombre<\/strong><\/figcaption><\/figure>\n\n\n\n<hr class=\"is-style-wide wp-block-separator has-alpha-channel-opacity\"\/>\n\n\n\n<figure class=\"wp-block-audio\"><audio controls src=\"https:\/\/reformacolombia.org\/wp-content\/uploads\/2025\/04\/CC-03-Un-poder-misterioso-que-convence.mp3\"><\/audio><figcaption class=\"wp-element-caption\"><strong>3. Un poder misterios que convence<\/strong><\/figcaption><\/figure>\n\n\n\n<hr class=\"is-style-wide wp-block-separator has-alpha-channel-opacity\"\/>\n\n\n\n<figure class=\"wp-block-audio\"><audio controls src=\"https:\/\/reformacolombia.org\/wp-content\/uploads\/2025\/04\/CC-04-Para-obtener-la-paz-interior.mp3\"><\/audio><figcaption class=\"wp-element-caption\"><strong>4. Para obtener la paz interior<\/strong><\/figcaption><\/figure>\n\n\n\n<hr class=\"is-style-wide wp-block-separator has-alpha-channel-opacity\"\/>\n\n\n\n<figure class=\"wp-block-audio\"><audio controls src=\"https:\/\/reformacolombia.org\/wp-content\/uploads\/2025\/04\/CC-05-La-consagracion.mp3\"><\/audio><figcaption class=\"wp-element-caption\"><strong>5. La consagraci\u00f3n<\/strong><\/figcaption><\/figure>\n\n\n\n<hr class=\"is-style-wide wp-block-separator has-alpha-channel-opacity\"\/>\n\n\n\n<figure class=\"wp-block-audio\"><audio controls src=\"https:\/\/reformacolombia.org\/wp-content\/uploads\/2025\/04\/CC-06-Maravillas-obradas-por-la-fe.mp3\"><\/audio><figcaption class=\"wp-element-caption\"><strong>6. Maravillas obradas por la fe<\/strong><\/figcaption><\/figure>\n\n\n\n<hr class=\"is-style-wide wp-block-separator has-alpha-channel-opacity\"\/>\n\n\n\n<figure class=\"wp-block-audio\"><audio controls src=\"https:\/\/reformacolombia.org\/wp-content\/uploads\/2025\/04\/CC-07-Como-lograr-una-magnifica-renovacion.mp3\"><\/audio><figcaption class=\"wp-element-caption\"><strong>7. Como lograr una magnifica renovaci\u00f3n<\/strong><\/figcaption><\/figure>\n\n\n\n<hr class=\"is-style-wide wp-block-separator has-alpha-channel-opacity\"\/>\n\n\n\n<figure class=\"wp-block-audio\"><audio controls src=\"https:\/\/reformacolombia.org\/wp-content\/uploads\/2025\/04\/CC-08-El-secreto-del-crecimiento.mp3\"><\/audio><figcaption class=\"wp-element-caption\"><strong>8. El secreto del crecimiento<\/strong><\/figcaption><\/figure>\n\n\n\n<hr class=\"is-style-wide wp-block-separator has-alpha-channel-opacity\"\/>\n\n\n\n<figure class=\"wp-block-audio\"><audio controls src=\"https:\/\/reformacolombia.org\/wp-content\/uploads\/2025\/04\/CC-09-El-gozo-de-la-colaboracion.mp3\"><\/audio><figcaption class=\"wp-element-caption\"><strong>9. El gozo de la colaboraci\u00f3n<\/strong><\/figcaption><\/figure>\n\n\n\n<hr class=\"is-style-wide wp-block-separator has-alpha-channel-opacity\"\/>\n\n\n\n<figure class=\"wp-block-audio\"><audio controls src=\"https:\/\/reformacolombia.org\/wp-content\/uploads\/2025\/04\/CC-10-Los-dos-lenguajes-de-la-Providencia.mp3\"><\/audio><figcaption class=\"wp-element-caption\"><strong>10. Los dos lenguajes de la Providencia.<\/strong><\/figcaption><\/figure>\n\n\n\n<hr class=\"is-style-wide wp-block-separator has-alpha-channel-opacity\"\/>\n\n\n\n<figure class=\"wp-block-audio\"><audio controls src=\"https:\/\/reformacolombia.org\/wp-content\/uploads\/2025\/04\/CC-11-Puede-el-hombre-comunicarse-con-la-divinidad.mp3\"><\/audio><figcaption class=\"wp-element-caption\"><strong>11. \u00bfPuede el hombre comunicarse con la divinidad?<\/strong><\/figcaption><\/figure>\n\n\n\n<hr class=\"is-style-wide wp-block-separator has-alpha-channel-opacity\"\/>\n\n\n\n<figure class=\"wp-block-audio\"><audio controls src=\"https:\/\/reformacolombia.org\/wp-content\/uploads\/2025\/04\/CC-12-Que-debe-hacerse-con-la-duda.mp3\"><\/audio><figcaption class=\"wp-element-caption\"><strong>12. \u00bfQu\u00e9 debe hacerse con la duda?<\/strong><\/figcaption><\/figure>\n\n\n\n<hr class=\"is-style-wide wp-block-separator has-alpha-channel-opacity\"\/>\n\n\n\n<figure class=\"wp-block-audio\"><audio controls src=\"https:\/\/reformacolombia.org\/wp-content\/uploads\/2025\/04\/CC-13-La-fuente-de-regocijo-y-felicidad.mp3\"><\/audio><figcaption class=\"wp-element-caption\"><strong>13. La fuente de regocijo y felicidad<\/strong><\/figcaption><\/figure>\n\n\n\n<hr class=\"is-style-wide wp-block-separator has-alpha-channel-opacity\"\/>\n\n\n\n<p class=\"wp-block-paragraph\"><strong>Leer o descargar PDF<\/strong><\/p>\n\n\n\n<div data-wp-interactive=\"core\/file\" class=\"wp-block-file\"><object data-wp-bind--hidden=\"!state.hasPdfPreview\" hidden class=\"wp-block-file__embed\" data=\"https:\/\/reformacolombia.org\/wp-content\/uploads\/2025\/04\/camino-a-Cristo.pdf\" type=\"application\/pdf\" style=\"width:100%;height:600px\" aria-label=\"Incrustado de camino a Cristo.\"><\/object><a id=\"wp-block-file--media-8f44160c-8332-410d-9ea8-99c2c44c3b3f\" href=\"https:\/\/reformacolombia.org\/wp-content\/uploads\/2025\/04\/camino-a-Cristo.pdf\">camino a Cristo<\/a><a href=\"https:\/\/reformacolombia.org\/wp-content\/uploads\/2025\/04\/camino-a-Cristo.pdf\" class=\"wp-block-file__button wp-element-button\" download aria-describedby=\"wp-block-file--media-8f44160c-8332-410d-9ea8-99c2c44c3b3f\">Descargar<\/a><\/div>\n\n\n\n<hr class=\"wp-block-separator has-alpha-channel-opacity\"\/>\n\n\n\n<p class=\"has-text-align-center wp-block-paragraph\"><strong>\u00a1Realiza un estudio B\u00edblico Online completamente gratuito o cont\u00e1ctanos dando clic en el siguiente bot\u00f3n!<\/strong><\/p>\n\n\n\n<div class=\"wp-block-buttons is-content-justification-center is-layout-flex wp-container-core-buttons-is-layout-3e41869c wp-block-buttons-is-layout-flex\">\n<div class=\"is-style-fill wp-block-button\"><a class=\"wp-block-button__link wp-element-button\" href=\"https:\/\/wa.link\/amg5hc\" target=\"_blank\" rel=\"noreferrer noopener\">Whatsapp 1<\/a><\/div>\n\n\n\n<div class=\"wp-block-button\"><a class=\"wp-block-button__link wp-element-button\" href=\"https:\/\/wa.link\/7fhycz\" target=\"_blank\" rel=\"noreferrer noopener\">Whatsapp 2<\/a><\/div>\n<\/div>\n\n\n\n<div data-aos= \"flip-up\" data-aos-duration=\"400\" data-aos-delay=\"0\" data-aos-easing=\"ease\" data-aos-once=\"true\" class=\"wp-block-uagb-marketing-button uagb-marketing-btn__align-center uagb-marketing-btn__align-text-center uagb-marketing-btn__icon-after uagb-block-4358c984 wp-block-button\"><a href=\"https:\/\/reformacolombia.org\/es\/estudio\/\" class=\"uagb-marketing-btn__link wp-block-button__link\" target=\"\" rel=\"noopener noreferrer\"><span class=\"uagb-marketing-btn__title\">curso b\u00edblico <\/span><svg xmlns=\"https:\/\/www.w3.org\/2000\/svg\" viewbox=\"0 0 512 512\"><path d=\"M384 320c-17.67 0-32 14.33-32 32v96H64V160h96c17.67 0 32-14.32 32-32s-14.33-32-32-32L64 96c-35.35 0-64 28.65-64 64V448c0 35.34 28.65 64 64 64h288c35.35 0 64-28.66 64-64v-96C416 334.3 401.7 320 384 320zM488 0H352c-12.94 0-24.62 7.797-29.56 19.75c-4.969 11.97-2.219 25.72 6.938 34.88L370.8 96L169.4 297.4c-12.5 12.5-12.5 32.75 0 45.25C175.6 348.9 183.8 352 192 352s16.38-3.125 22.62-9.375L416 141.3l41.38 41.38c9.156 9.141 22.88 11.84 34.88 6.938C504.2 184.6 512 172.9 512 160V24C512 10.74 501.3 0 488 0z\"><\/path><\/svg><p class=\"uagb-marketing-btn__prefix\">\u00a116 temas b\u00edblicos online totalmente gratis!<\/p><\/a><\/div>\n\n\n\n<p class=\"wp-block-paragraph\"><\/p>\n<div class=\"pvc_clear\"><\/div><p id=\"pvc_stats_2361\" class=\"pvc_stats all\" data-element-id=\"2361\" style=\"\"><i class=\"pvc-stats-icon medium\" aria-hidden=\"true\"><svg aria-hidden=\"true\" focusable=\"false\" data-prefix=\"far\" data-icon=\"chart-bar\" role=\"img\" xmlns=\"http:\/\/www.w3.org\/2000\/svg\" viewbox=\"0 0 512 512\" class=\"svg-inline--fa fa-chart-bar fa-w-16 fa-2x\"><path fill=\"currentColor\" d=\"M396.8 352h22.4c6.4 0 12.8-6.4 12.8-12.8V108.8c0-6.4-6.4-12.8-12.8-12.8h-22.4c-6.4 0-12.8 6.4-12.8 12.8v230.4c0 6.4 6.4 12.8 12.8 12.8zm-192 0h22.4c6.4 0 12.8-6.4 12.8-12.8V140.8c0-6.4-6.4-12.8-12.8-12.8h-22.4c-6.4 0-12.8 6.4-12.8 12.8v198.4c0 6.4 6.4 12.8 12.8 12.8zm96 0h22.4c6.4 0 12.8-6.4 12.8-12.8V204.8c0-6.4-6.4-12.8-12.8-12.8h-22.4c-6.4 0-12.8 6.4-12.8 12.8v134.4c0 6.4 6.4 12.8 12.8 12.8zM496 400H48V80c0-8.84-7.16-16-16-16H16C7.16 64 0 71.16 0 80v336c0 17.67 14.33 32 32 32h464c8.84 0 16-7.16 16-16v-16c0-8.84-7.16-16-16-16zm-387.2-48h22.4c6.4 0 12.8-6.4 12.8-12.8v-70.4c0-6.4-6.4-12.8-12.8-12.8h-22.4c-6.4 0-12.8 6.4-12.8 12.8v70.4c0 6.4 6.4 12.8 12.8 12.8z\" class=\"\"><\/path><\/svg><\/i> <img data-recalc-dims=\"1\" decoding=\"async\" width=\"16\" height=\"16\" alt=\"Loading\" src=\"https:\/\/i0.wp.com\/reformacolombia.org\/wp-content\/plugins\/page-views-count\/ajax-loader-2x.gif?resize=16%2C16&#038;ssl=1\" border=\"0\" \/><\/p><div class=\"pvc_clear\"><\/div>","protected":false},"excerpt":{"rendered":"<p>Campa\u00f1a Evangel\u00edstica donde entregaremos el Libro: El Camino a Cristo. 19 de Abril de 2025 llevaremos la luz de la [&hellip;]<\/p>\n<div class=\"pvc_clear\"><\/div>\n<p id=\"pvc_stats_2361\" class=\"pvc_stats all  \" data-element-id=\"2361\" style=\"\"><i class=\"pvc-stats-icon medium\" aria-hidden=\"true\"><svg aria-hidden=\"true\" focusable=\"false\" data-prefix=\"far\" data-icon=\"chart-bar\" role=\"img\" xmlns=\"http:\/\/www.w3.org\/2000\/svg\" viewBox=\"0 0 512 512\" class=\"svg-inline--fa fa-chart-bar fa-w-16 fa-2x\"><path fill=\"currentColor\" d=\"M396.8 352h22.4c6.4 0 12.8-6.4 12.8-12.8V108.8c0-6.4-6.4-12.8-12.8-12.8h-22.4c-6.4 0-12.8 6.4-12.8 12.8v230.4c0 6.4 6.4 12.8 12.8 12.8zm-192 0h22.4c6.4 0 12.8-6.4 12.8-12.8V140.8c0-6.4-6.4-12.8-12.8-12.8h-22.4c-6.4 0-12.8 6.4-12.8 12.8v198.4c0 6.4 6.4 12.8 12.8 12.8zm96 0h22.4c6.4 0 12.8-6.4 12.8-12.8V204.8c0-6.4-6.4-12.8-12.8-12.8h-22.4c-6.4 0-12.8 6.4-12.8 12.8v134.4c0 6.4 6.4 12.8 12.8 12.8zM496 400H48V80c0-8.84-7.16-16-16-16H16C7.16 64 0 71.16 0 80v336c0 17.67 14.33 32 32 32h464c8.84 0 16-7.16 16-16v-16c0-8.84-7.16-16-16-16zm-387.2-48h22.4c6.4 0 12.8-6.4 12.8-12.8v-70.4c0-6.4-6.4-12.8-12.8-12.8h-22.4c-6.4 0-12.8 6.4-12.8 12.8v70.4c0 6.4 6.4 12.8 12.8 12.8z\" class=\"\"><\/path><\/svg><\/i> <img decoding=\"async\" width=\"16\" height=\"16\" alt=\"Loading\" src=\"https:\/\/reformacolombia.org\/wp-content\/plugins\/page-views-count\/ajax-loader-2x.gif\" border=0 \/><\/p>\n<div class=\"pvc_clear\"><\/div>\n","protected":false},"author":1,"featured_media":2379,"comment_status":"open","ping_status":"open","sticky":false,"template":"","format":"standard","meta":{"_uag_custom_page_level_css":"","site-sidebar-layout":"default","site-content-layout":"","ast-site-content-layout":"default","site-content-style":"default","site-sidebar-style":"default","ast-global-header-display":"","ast-banner-title-visibility":"","ast-main-header-display":"","ast-hfb-above-header-display":"","ast-hfb-below-header-display":"","ast-hfb-mobile-header-display":"","site-post-title":"","ast-breadcrumbs-content":"","ast-featured-img":"","footer-sml-layout":"","ast-disable-related-posts":"","theme-transparent-header-meta":"","adv-header-id-meta":"","stick-header-meta":"","header-above-stick-meta":"","header-main-stick-meta":"","header-below-stick-meta":"","astra-migrate-meta-layouts":"set","ast-page-background-enabled":"default","ast-page-background-meta":{"desktop":{"background-color":"","background-image":"","background-repeat":"repeat","background-position":"center center","background-size":"auto","background-attachment":"scroll","background-type":"","background-media":"","overlay-type":"","overlay-color":"","overlay-opacity":"","overlay-gradient":""},"tablet":{"background-color":"","background-image":"","background-repeat":"repeat","background-position":"center center","background-size":"auto","background-attachment":"scroll","background-type":"","background-media":"","overlay-type":"","overlay-color":"","overlay-opacity":"","overlay-gradient":""},"mobile":{"background-color":"","background-image":"","background-repeat":"repeat","background-position":"center center","background-size":"auto","background-attachment":"scroll","background-type":"","background-media":"","overlay-type":"","overlay-color":"","overlay-opacity":"","overlay-gradient":""}},"ast-content-background-meta":{"desktop":{"background-color":"var(--ast-global-color-5)","background-image":"","background-repeat":"repeat","background-position":"center center","background-size":"auto","background-attachment":"scroll","background-type":"","background-media":"","overlay-type":"","overlay-color":"","overlay-opacity":"","overlay-gradient":""},"tablet":{"background-color":"var(--ast-global-color-5)","background-image":"","background-repeat":"repeat","background-position":"center center","background-size":"auto","background-attachment":"scroll","background-type":"","background-media":"","overlay-type":"","overlay-color":"","overlay-opacity":"","overlay-gradient":""},"mobile":{"background-color":"var(--ast-global-color-5)","background-image":"","background-repeat":"repeat","background-position":"center center","background-size":"auto","background-attachment":"scroll","background-type":"","background-media":"","overlay-type":"","overlay-color":"","overlay-opacity":"","overlay-gradient":""}},"_jetpack_newsletter_access":"","_jetpack_dont_email_post_to_subs":false,"_jetpack_newsletter_tier_id":0,"_jetpack_memberships_contains_paywalled_content":false,"_jetpack_feature_clip_id":0,"_jetpack_memberships_contains_paid_content":false,"footnotes":"","jetpack_post_was_ever_published":false},"categories":[9],"tags":[],"class_list":["post-2361","post","type-post","status-publish","format-standard","has-post-thumbnail","hentry","category-departamentales"],"a3_pvc":{"activated":true,"total_views":700,"today_views":0},"yoast_head":"<!-- This site is optimized with the Yoast SEO plugin v28.4 - https:\/\/yoast.com\/product\/yoast-seo-wordpress\/ -->\n<title>Gu\u00edalos hacia el Camino. - ASDMR<\/title>\n<meta name=\"description\" content=\"Campa\u00f1a Evangel\u00edstica donde entregaremos el Libro: El Camino a Cristo. 19 de Abril de 2025 llevaremos la luz de la Salvaci\u00f3n al mundo.\" \/>\n<meta name=\"robots\" content=\"index, follow, max-snippet:-1, max-image-preview:large, max-video-preview:-1\" \/>\n<link rel=\"canonical\" href=\"https:\/\/reformacolombia.org\/es\/guialos-hacia-el-camino\/\" \/>\n<meta property=\"og:locale\" content=\"es_ES\" \/>\n<meta property=\"og:type\" content=\"article\" \/>\n<meta property=\"og:title\" content=\"Gu\u00edalos hacia el Camino.\" \/>\n<meta property=\"og:description\" content=\"Campa\u00f1a Evangel\u00edstica donde entregaremos el Libro: El Camino a Cristo. 19 de Abril de 2025 llevaremos la luz de la Salvaci\u00f3n al mundo.\" \/>\n<meta property=\"og:url\" content=\"https:\/\/reformacolombia.org\/es\/guialos-hacia-el-camino\/\" \/>\n<meta property=\"og:site_name\" content=\"ASDMR\" \/>\n<meta property=\"article:publisher\" content=\"https:\/\/www.facebook.com\/asdmrTV\" \/>\n<meta property=\"article:published_time\" content=\"2025-04-08T20:52:15+00:00\" \/>\n<meta property=\"article:modified_time\" content=\"2025-04-25T16:27:03+00:00\" \/>\n<meta property=\"og:image\" content=\"https:\/\/reformacolombia.org\/wp-content\/uploads\/2025\/04\/Camino-a-Cristo.jpg\" \/>\n\t<meta property=\"og:image:width\" content=\"1920\" \/>\n\t<meta property=\"og:image:height\" content=\"1080\" \/>\n\t<meta property=\"og:image:type\" content=\"image\/jpeg\" \/>\n<meta name=\"author\" content=\"administraci\u00f3n\" \/>\n<meta name=\"twitter:card\" content=\"summary_large_image\" \/>\n<meta name=\"twitter:label1\" content=\"Escrito por\" \/>\n\t<meta name=\"twitter:data1\" content=\"administraci\u00f3n\" \/>\n\t<meta name=\"twitter:label2\" content=\"Tiempo de lectura\" \/>\n\t<meta name=\"twitter:data2\" content=\"2 minutos\" \/>\n<script type=\"application\/ld+json\" class=\"yoast-schema-graph\">{\"@context\":\"https:\\\/\\\/schema.org\",\"@graph\":[{\"@type\":\"Article\",\"@id\":\"https:\\\/\\\/reformacolombia.org\\\/guialos-hacia-el-camino\\\/#article\",\"isPartOf\":{\"@id\":\"https:\\\/\\\/reformacolombia.org\\\/guialos-hacia-el-camino\\\/\"},\"author\":{\"name\":\"administraci\u00f3n\",\"@id\":\"https:\\\/\\\/reformacolombia.org\\\/#\\\/schema\\\/person\\\/781b5a38d4ad9126863cbe481e49f4f8\"},\"headline\":\"Gu\u00edalos hacia el Camino.\",\"datePublished\":\"2025-04-08T20:52:15+00:00\",\"dateModified\":\"2025-04-25T16:27:03+00:00\",\"mainEntityOfPage\":{\"@id\":\"https:\\\/\\\/reformacolombia.org\\\/guialos-hacia-el-camino\\\/\"},\"wordCount\":223,\"commentCount\":0,\"publisher\":{\"@id\":\"https:\\\/\\\/reformacolombia.org\\\/#organization\"},\"image\":{\"@id\":\"https:\\\/\\\/reformacolombia.org\\\/guialos-hacia-el-camino\\\/#primaryimage\"},\"thumbnailUrl\":\"https:\\\/\\\/i0.wp.com\\\/reformacolombia.org\\\/wp-content\\\/uploads\\\/2025\\\/04\\\/Camino-a-Cristo.jpg?fit=1920%2C1080&ssl=1\",\"articleSection\":[\"Departamentales\"],\"inLanguage\":\"es\",\"potentialAction\":[{\"@type\":\"CommentAction\",\"name\":\"Comment\",\"target\":[\"https:\\\/\\\/reformacolombia.org\\\/guialos-hacia-el-camino\\\/#respond\"]}]},{\"@type\":\"WebPage\",\"@id\":\"https:\\\/\\\/reformacolombia.org\\\/guialos-hacia-el-camino\\\/\",\"url\":\"https:\\\/\\\/reformacolombia.org\\\/guialos-hacia-el-camino\\\/\",\"name\":\"Gu\u00edalos hacia el Camino. - ASDMR\",\"isPartOf\":{\"@id\":\"https:\\\/\\\/reformacolombia.org\\\/#website\"},\"primaryImageOfPage\":{\"@id\":\"https:\\\/\\\/reformacolombia.org\\\/guialos-hacia-el-camino\\\/#primaryimage\"},\"image\":{\"@id\":\"https:\\\/\\\/reformacolombia.org\\\/guialos-hacia-el-camino\\\/#primaryimage\"},\"thumbnailUrl\":\"https:\\\/\\\/i0.wp.com\\\/reformacolombia.org\\\/wp-content\\\/uploads\\\/2025\\\/04\\\/Camino-a-Cristo.jpg?fit=1920%2C1080&ssl=1\",\"datePublished\":\"2025-04-08T20:52:15+00:00\",\"dateModified\":\"2025-04-25T16:27:03+00:00\",\"description\":\"Campa\u00f1a Evangel\u00edstica donde entregaremos el Libro: El Camino a Cristo. 19 de Abril de 2025 llevaremos la luz de la Salvaci\u00f3n al mundo.\",\"breadcrumb\":{\"@id\":\"https:\\\/\\\/reformacolombia.org\\\/guialos-hacia-el-camino\\\/#breadcrumb\"},\"inLanguage\":\"es\",\"potentialAction\":[{\"@type\":\"ReadAction\",\"target\":[\"https:\\\/\\\/reformacolombia.org\\\/guialos-hacia-el-camino\\\/\"]}]},{\"@type\":\"ImageObject\",\"inLanguage\":\"es\",\"@id\":\"https:\\\/\\\/reformacolombia.org\\\/guialos-hacia-el-camino\\\/#primaryimage\",\"url\":\"https:\\\/\\\/i0.wp.com\\\/reformacolombia.org\\\/wp-content\\\/uploads\\\/2025\\\/04\\\/Camino-a-Cristo.jpg?fit=1920%2C1080&ssl=1\",\"contentUrl\":\"https:\\\/\\\/i0.wp.com\\\/reformacolombia.org\\\/wp-content\\\/uploads\\\/2025\\\/04\\\/Camino-a-Cristo.jpg?fit=1920%2C1080&ssl=1\",\"width\":1920,\"height\":1080},{\"@type\":\"BreadcrumbList\",\"@id\":\"https:\\\/\\\/reformacolombia.org\\\/guialos-hacia-el-camino\\\/#breadcrumb\",\"itemListElement\":[{\"@type\":\"ListItem\",\"position\":1,\"name\":\"Inicio\",\"item\":\"https:\\\/\\\/reformacolombia.org\\\/\"},{\"@type\":\"ListItem\",\"position\":2,\"name\":\"Gu\u00edalos hacia el Camino.\"}]},{\"@type\":\"WebSite\",\"@id\":\"https:\\\/\\\/reformacolombia.org\\\/#website\",\"url\":\"https:\\\/\\\/reformacolombia.org\\\/\",\"name\":\"www.reformacolombia.org\",\"description\":\"Iglesia Adventista del S\u00e9ptimo D\u00eda movimiento de Reforma - ASDMR -\",\"publisher\":{\"@id\":\"https:\\\/\\\/reformacolombia.org\\\/#organization\"},\"potentialAction\":[{\"@type\":\"SearchAction\",\"target\":{\"@type\":\"EntryPoint\",\"urlTemplate\":\"https:\\\/\\\/reformacolombia.org\\\/?s={search_term_string}\"},\"query-input\":{\"@type\":\"PropertyValueSpecification\",\"valueRequired\":true,\"valueName\":\"search_term_string\"}}],\"inLanguage\":\"es\"},{\"@type\":\"Organization\",\"@id\":\"https:\\\/\\\/reformacolombia.org\\\/#organization\",\"name\":\"Adventistas del S\u00e9ptimo D\u00eda Movimiento de Reforma\",\"url\":\"https:\\\/\\\/reformacolombia.org\\\/\",\"logo\":{\"@type\":\"ImageObject\",\"inLanguage\":\"es\",\"@id\":\"https:\\\/\\\/reformacolombia.org\\\/#\\\/schema\\\/logo\\\/image\\\/\",\"url\":\"https:\\\/\\\/reformacolombia.org\\\/wp-content\\\/uploads\\\/2024\\\/11\\\/logo_01.png\",\"contentUrl\":\"https:\\\/\\\/reformacolombia.org\\\/wp-content\\\/uploads\\\/2024\\\/11\\\/logo_01.png\",\"width\":1596,\"height\":670,\"caption\":\"Adventistas del S\u00e9ptimo D\u00eda Movimiento de Reforma\"},\"image\":{\"@id\":\"https:\\\/\\\/reformacolombia.org\\\/#\\\/schema\\\/logo\\\/image\\\/\"},\"sameAs\":[\"https:\\\/\\\/www.facebook.com\\\/asdmrTV\"]},{\"@type\":\"Person\",\"@id\":\"https:\\\/\\\/reformacolombia.org\\\/#\\\/schema\\\/person\\\/781b5a38d4ad9126863cbe481e49f4f8\",\"name\":\"administraci\u00f3n\",\"image\":{\"@type\":\"ImageObject\",\"inLanguage\":\"es\",\"@id\":\"https:\\\/\\\/secure.gravatar.com\\\/avatar\\\/6639b2b4a7e3e288d674bff33f2b18df535ae6e7b89f7b46a13cf2467b33bbba?s=96&d=mm&r=g\",\"url\":\"https:\\\/\\\/secure.gravatar.com\\\/avatar\\\/6639b2b4a7e3e288d674bff33f2b18df535ae6e7b89f7b46a13cf2467b33bbba?s=96&d=mm&r=g\",\"contentUrl\":\"https:\\\/\\\/secure.gravatar.com\\\/avatar\\\/6639b2b4a7e3e288d674bff33f2b18df535ae6e7b89f7b46a13cf2467b33bbba?s=96&d=mm&r=g\",\"caption\":\"administraci\u00f3n\"},\"sameAs\":[\"https:\\\/\\\/reformacolombia.org\"],\"url\":\"https:\\\/\\\/reformacolombia.org\\\/es\\\/author\\\/admin\\\/\"}]}<\/script>\n<!-- \/ Yoast SEO plugin. -->","yoast_head_json":{"title":"Gu\u00edalos hacia el Camino. - ASDMR","description":"Campa\u00f1a Evangel\u00edstica donde entregaremos el Libro: El Camino a Cristo. 19 de Abril de 2025 llevaremos la luz de la Salvaci\u00f3n al mundo.","robots":{"index":"index","follow":"follow","max-snippet":"max-snippet:-1","max-image-preview":"max-image-preview:large","max-video-preview":"max-video-preview:-1"},"canonical":"https:\/\/reformacolombia.org\/es\/guialos-hacia-el-camino\/","og_locale":"es_ES","og_type":"article","og_title":"Gu\u00edalos hacia el Camino.","og_description":"Campa\u00f1a Evangel\u00edstica donde entregaremos el Libro: El Camino a Cristo. 19 de Abril de 2025 llevaremos la luz de la Salvaci\u00f3n al mundo.","og_url":"https:\/\/reformacolombia.org\/es\/guialos-hacia-el-camino\/","og_site_name":"ASDMR","article_publisher":"https:\/\/www.facebook.com\/asdmrTV","article_published_time":"2025-04-08T20:52:15+00:00","article_modified_time":"2025-04-25T16:27:03+00:00","og_image":[{"width":1920,"height":1080,"url":"https:\/\/reformacolombia.org\/wp-content\/uploads\/2025\/04\/Camino-a-Cristo.jpg","type":"image\/jpeg"}],"author":"administraci\u00f3n","twitter_card":"summary_large_image","twitter_misc":{"Escrito por":"administraci\u00f3n","Tiempo de lectura":"2 minutos"},"schema":{"@context":"https:\/\/schema.org","@graph":[{"@type":"Article","@id":"https:\/\/reformacolombia.org\/guialos-hacia-el-camino\/#article","isPartOf":{"@id":"https:\/\/reformacolombia.org\/guialos-hacia-el-camino\/"},"author":{"name":"administraci\u00f3n","@id":"https:\/\/reformacolombia.org\/#\/schema\/person\/781b5a38d4ad9126863cbe481e49f4f8"},"headline":"Gu\u00edalos hacia el Camino.","datePublished":"2025-04-08T20:52:15+00:00","dateModified":"2025-04-25T16:27:03+00:00","mainEntityOfPage":{"@id":"https:\/\/reformacolombia.org\/guialos-hacia-el-camino\/"},"wordCount":223,"commentCount":0,"publisher":{"@id":"https:\/\/reformacolombia.org\/#organization"},"image":{"@id":"https:\/\/reformacolombia.org\/guialos-hacia-el-camino\/#primaryimage"},"thumbnailUrl":"https:\/\/i0.wp.com\/reformacolombia.org\/wp-content\/uploads\/2025\/04\/Camino-a-Cristo.jpg?fit=1920%2C1080&ssl=1","articleSection":["Departamentales"],"inLanguage":"es","potentialAction":[{"@type":"CommentAction","name":"Comment","target":["https:\/\/reformacolombia.org\/guialos-hacia-el-camino\/#respond"]}]},{"@type":"WebPage","@id":"https:\/\/reformacolombia.org\/guialos-hacia-el-camino\/","url":"https:\/\/reformacolombia.org\/guialos-hacia-el-camino\/","name":"Gu\u00edalos hacia el Camino. - ASDMR","isPartOf":{"@id":"https:\/\/reformacolombia.org\/#website"},"primaryImageOfPage":{"@id":"https:\/\/reformacolombia.org\/guialos-hacia-el-camino\/#primaryimage"},"image":{"@id":"https:\/\/reformacolombia.org\/guialos-hacia-el-camino\/#primaryimage"},"thumbnailUrl":"https:\/\/i0.wp.com\/reformacolombia.org\/wp-content\/uploads\/2025\/04\/Camino-a-Cristo.jpg?fit=1920%2C1080&ssl=1","datePublished":"2025-04-08T20:52:15+00:00","dateModified":"2025-04-25T16:27:03+00:00","description":"Campa\u00f1a Evangel\u00edstica donde entregaremos el Libro: El Camino a Cristo. 19 de Abril de 2025 llevaremos la luz de la Salvaci\u00f3n al mundo.","breadcrumb":{"@id":"https:\/\/reformacolombia.org\/guialos-hacia-el-camino\/#breadcrumb"},"inLanguage":"es","potentialAction":[{"@type":"ReadAction","target":["https:\/\/reformacolombia.org\/guialos-hacia-el-camino\/"]}]},{"@type":"ImageObject","inLanguage":"es","@id":"https:\/\/reformacolombia.org\/guialos-hacia-el-camino\/#primaryimage","url":"https:\/\/i0.wp.com\/reformacolombia.org\/wp-content\/uploads\/2025\/04\/Camino-a-Cristo.jpg?fit=1920%2C1080&ssl=1","contentUrl":"https:\/\/i0.wp.com\/reformacolombia.org\/wp-content\/uploads\/2025\/04\/Camino-a-Cristo.jpg?fit=1920%2C1080&ssl=1","width":1920,"height":1080},{"@type":"BreadcrumbList","@id":"https:\/\/reformacolombia.org\/guialos-hacia-el-camino\/#breadcrumb","itemListElement":[{"@type":"ListItem","position":1,"name":"Inicio","item":"https:\/\/reformacolombia.org\/"},{"@type":"ListItem","position":2,"name":"Gu\u00edalos hacia el Camino."}]},{"@type":"WebSite","@id":"https:\/\/reformacolombia.org\/#website","url":"https:\/\/reformacolombia.org\/","name":"www.reformacolombia.org","description":"Iglesia Adventista del S\u00e9ptimo D\u00eda movimiento de Reforma - ASDMR -","publisher":{"@id":"https:\/\/reformacolombia.org\/#organization"},"potentialAction":[{"@type":"SearchAction","target":{"@type":"EntryPoint","urlTemplate":"https:\/\/reformacolombia.org\/?s={search_term_string}"},"query-input":{"@type":"PropertyValueSpecification","valueRequired":true,"valueName":"search_term_string"}}],"inLanguage":"es"},{"@type":"Organization","@id":"https:\/\/reformacolombia.org\/#organization","name":"Adventistas del S\u00e9ptimo D\u00eda Movimiento de Reforma","url":"https:\/\/reformacolombia.org\/","logo":{"@type":"ImageObject","inLanguage":"es","@id":"https:\/\/reformacolombia.org\/#\/schema\/logo\/image\/","url":"https:\/\/reformacolombia.org\/wp-content\/uploads\/2024\/11\/logo_01.png","contentUrl":"https:\/\/reformacolombia.org\/wp-content\/uploads\/2024\/11\/logo_01.png","width":1596,"height":670,"caption":"Adventistas del S\u00e9ptimo D\u00eda Movimiento de Reforma"},"image":{"@id":"https:\/\/reformacolombia.org\/#\/schema\/logo\/image\/"},"sameAs":["https:\/\/www.facebook.com\/asdmrTV"]},{"@type":"Person","@id":"https:\/\/reformacolombia.org\/#\/schema\/person\/781b5a38d4ad9126863cbe481e49f4f8","name":"administraci\u00f3n","image":{"@type":"ImageObject","inLanguage":"es","@id":"https:\/\/secure.gravatar.com\/avatar\/6639b2b4a7e3e288d674bff33f2b18df535ae6e7b89f7b46a13cf2467b33bbba?s=96&d=mm&r=g","url":"https:\/\/secure.gravatar.com\/avatar\/6639b2b4a7e3e288d674bff33f2b18df535ae6e7b89f7b46a13cf2467b33bbba?s=96&d=mm&r=g","contentUrl":"https:\/\/secure.gravatar.com\/avatar\/6639b2b4a7e3e288d674bff33f2b18df535ae6e7b89f7b46a13cf2467b33bbba?s=96&d=mm&r=g","caption":"administraci\u00f3n"},"sameAs":["https:\/\/reformacolombia.org"],"url":"https:\/\/reformacolombia.org\/es\/author\/admin\/"}]}},"uagb_featured_image_src":{"full":["https:\/\/i0.wp.com\/reformacolombia.org\/wp-content\/uploads\/2025\/04\/Camino-a-Cristo.jpg?fit=1920%2C1080&ssl=1",1920,1080,false],"thumbnail":["https:\/\/i0.wp.com\/reformacolombia.org\/wp-content\/uploads\/2025\/04\/Camino-a-Cristo.jpg?resize=150%2C150&ssl=1",150,150,true],"medium":["https:\/\/i0.wp.com\/reformacolombia.org\/wp-content\/uploads\/2025\/04\/Camino-a-Cristo.jpg?fit=300%2C169&ssl=1",300,169,true],"medium_large":["https:\/\/i0.wp.com\/reformacolombia.org\/wp-content\/uploads\/2025\/04\/Camino-a-Cristo.jpg?fit=768%2C432&ssl=1",768,432,true],"large":["https:\/\/i0.wp.com\/reformacolombia.org\/wp-content\/uploads\/2025\/04\/Camino-a-Cristo.jpg?fit=1024%2C576&ssl=1",1024,576,true],"1536x1536":["https:\/\/i0.wp.com\/reformacolombia.org\/wp-content\/uploads\/2025\/04\/Camino-a-Cristo.jpg?fit=1536%2C864&ssl=1",1536,864,true],"2048x2048":["https:\/\/i0.wp.com\/reformacolombia.org\/wp-content\/uploads\/2025\/04\/Camino-a-Cristo.jpg?fit=1920%2C1080&ssl=1",1920,1080,true],"trp-custom-language-flag":["https:\/\/i0.wp.com\/reformacolombia.org\/wp-content\/uploads\/2025\/04\/Camino-a-Cristo.jpg?fit=18%2C10&ssl=1",18,10,true],"mailpoet_newsletter_max":["https:\/\/i0.wp.com\/reformacolombia.org\/wp-content\/uploads\/2025\/04\/Camino-a-Cristo.jpg?fit=1320%2C743&ssl=1",1320,743,true]},"uagb_author_info":{"display_name":"administraci\u00f3n","author_link":"https:\/\/reformacolombia.org\/es\/author\/admin\/"},"uagb_comment_info":0,"uagb_excerpt":"Campa\u00f1a Evangel\u00edstica donde entregaremos el Libro: El Camino a Cristo. 19 de Abril de 2025 llevaremos la luz de la [&hellip;]","jetpack_sharing_enabled":true,"jetpack-related-posts":[{"id":3293,"url":"https:\/\/reformacolombia.org\/es\/la-necesidad-de-cristo-del-pecador\/","url_meta":{"origin":2361,"position":0},"title":"La necesidad de Cristo del pecador","author":"administraci\u00f3n","date":"10\/07\/2026","format":false,"excerpt":"Material de apoyo para Maestros de Escuela Sab\u00e1tica. (Power Point) VERSO DE MEMORIA: \u00abRespondi\u00f3 Jes\u00fas y le dijo: De cierto, de cierto te digo, que el que no naciere de nuevo, no puede ver el reino de Dios\u00bb (Juan 3:3). \u00abLa \u00fanica esperanza de redenci\u00f3n para nuestra especie ca\u00edda est\u00e1\u2026","rel":"","context":"En \u00abEscuela Sab\u00e1tica\u00bb","block_context":{"text":"Escuela Sab\u00e1tica","link":"https:\/\/reformacolombia.org\/es\/category\/escuela-sabatica\/"},"img":{"alt_text":"","src":"https:\/\/i0.wp.com\/reformacolombia.org\/wp-content\/uploads\/2026\/07\/Power-Point-Leccion-2-Julio-11-de-2026.jpg?fit=1200%2C675&ssl=1&resize=350%2C200","width":350,"height":200,"srcset":"https:\/\/i0.wp.com\/reformacolombia.org\/wp-content\/uploads\/2026\/07\/Power-Point-Leccion-2-Julio-11-de-2026.jpg?fit=1200%2C675&ssl=1&resize=350%2C200 1x, https:\/\/i0.wp.com\/reformacolombia.org\/wp-content\/uploads\/2026\/07\/Power-Point-Leccion-2-Julio-11-de-2026.jpg?fit=1200%2C675&ssl=1&resize=525%2C300 1.5x, https:\/\/i0.wp.com\/reformacolombia.org\/wp-content\/uploads\/2026\/07\/Power-Point-Leccion-2-Julio-11-de-2026.jpg?fit=1200%2C675&ssl=1&resize=700%2C400 2x, https:\/\/i0.wp.com\/reformacolombia.org\/wp-content\/uploads\/2026\/07\/Power-Point-Leccion-2-Julio-11-de-2026.jpg?fit=1200%2C675&ssl=1&resize=1050%2C600 3x"},"classes":[]},{"id":3305,"url":"https:\/\/reformacolombia.org\/es\/la-confesion\/","url_meta":{"origin":2361,"position":1},"title":"La Confesi\u00f3n","author":"administraci\u00f3n","date":"24\/07\/2026","format":false,"excerpt":"Material de apoyo para Maestros de Escuela Sab\u00e1tica. (Power Point) VERSO DE MEMORIA: \u00abEl que encubre sus pecados no prosperar\u00e1; mas el que los confiesa y se aparta alcanzar\u00e1 misericordia\u00bb (Proverbios 28:13 ). \u00abLa confesi\u00f3n que brota de lo \u00edntimo del alma sube al Dios de piedad infinita\u00bb. \u2014El Camino\u2026","rel":"","context":"En \u00abEscuela Sab\u00e1tica\u00bb","block_context":{"text":"Escuela Sab\u00e1tica","link":"https:\/\/reformacolombia.org\/es\/category\/escuela-sabatica\/"},"img":{"alt_text":"","src":"https:\/\/i0.wp.com\/reformacolombia.org\/wp-content\/uploads\/2026\/07\/Power-Point-Leccion-4-Julio-25-de-2026.jpg?fit=1200%2C675&ssl=1&resize=350%2C200","width":350,"height":200,"srcset":"https:\/\/i0.wp.com\/reformacolombia.org\/wp-content\/uploads\/2026\/07\/Power-Point-Leccion-4-Julio-25-de-2026.jpg?fit=1200%2C675&ssl=1&resize=350%2C200 1x, https:\/\/i0.wp.com\/reformacolombia.org\/wp-content\/uploads\/2026\/07\/Power-Point-Leccion-4-Julio-25-de-2026.jpg?fit=1200%2C675&ssl=1&resize=525%2C300 1.5x, https:\/\/i0.wp.com\/reformacolombia.org\/wp-content\/uploads\/2026\/07\/Power-Point-Leccion-4-Julio-25-de-2026.jpg?fit=1200%2C675&ssl=1&resize=700%2C400 2x, https:\/\/i0.wp.com\/reformacolombia.org\/wp-content\/uploads\/2026\/07\/Power-Point-Leccion-4-Julio-25-de-2026.jpg?fit=1200%2C675&ssl=1&resize=1050%2C600 3x"},"classes":[]},{"id":3329,"url":"https:\/\/reformacolombia.org\/es\/creciendo-en-cristo\/","url_meta":{"origin":2361,"position":2},"title":"Creciendo en Cristo","author":"administraci\u00f3n","date":"21\/08\/2026","format":false,"excerpt":"Material de apoyo para Maestros de Escuela Sab\u00e1tica. (Power Point) VERSO DE MEMORIA: \u00abA ordenar que a los afligidos de Sion se les d\u00e9 gloria en lugar de ceniza, \u00f3leo de gozo en lugar de luto, manto de alegr\u00eda en lugar del esp\u00edritu angustiado; y ser\u00e1n llamados \u00e1rboles de justicia,\u2026","rel":"","context":"En \u00abEscuela Sab\u00e1tica\u00bb","block_context":{"text":"Escuela Sab\u00e1tica","link":"https:\/\/reformacolombia.org\/es\/category\/escuela-sabatica\/"},"img":{"alt_text":"","src":"https:\/\/i0.wp.com\/reformacolombia.org\/wp-content\/uploads\/2026\/08\/Point-Leccion-8-Agosto-21-de-2026.jpg?fit=1200%2C675&ssl=1&resize=350%2C200","width":350,"height":200,"srcset":"https:\/\/i0.wp.com\/reformacolombia.org\/wp-content\/uploads\/2026\/08\/Point-Leccion-8-Agosto-21-de-2026.jpg?fit=1200%2C675&ssl=1&resize=350%2C200 1x, https:\/\/i0.wp.com\/reformacolombia.org\/wp-content\/uploads\/2026\/08\/Point-Leccion-8-Agosto-21-de-2026.jpg?fit=1200%2C675&ssl=1&resize=525%2C300 1.5x, https:\/\/i0.wp.com\/reformacolombia.org\/wp-content\/uploads\/2026\/08\/Point-Leccion-8-Agosto-21-de-2026.jpg?fit=1200%2C675&ssl=1&resize=700%2C400 2x, https:\/\/i0.wp.com\/reformacolombia.org\/wp-content\/uploads\/2026\/08\/Point-Leccion-8-Agosto-21-de-2026.jpg?fit=1200%2C675&ssl=1&resize=1050%2C600 3x"},"classes":[]},{"id":3352,"url":"https:\/\/reformacolombia.org\/es\/la-obra-y-la-vida\/","url_meta":{"origin":2361,"position":3},"title":"lA OBRA Y LA VIDA","author":"administraci\u00f3n","date":"27\/08\/2026","format":false,"excerpt":"Material de apoyo para Maestros de Escuela Sab\u00e1tica. (Power Point) VERSO DE MEMORIA: \u00abMas a todos los que le recibieron, a los que creen en su nombre, les dio potestad de ser hechos hijos de Dios\u00bb (Juan 1:12). \u00abEl esp\u00edritu de amor y abnegaci\u00f3n que manifiesta Cristo es el esp\u00edritu\u2026","rel":"","context":"En \u00abEscuela Sab\u00e1tica\u00bb","block_context":{"text":"Escuela Sab\u00e1tica","link":"https:\/\/reformacolombia.org\/es\/category\/escuela-sabatica\/"},"img":{"alt_text":"","src":"https:\/\/i0.wp.com\/reformacolombia.org\/wp-content\/uploads\/2026\/08\/Point-Leccion-9-Agosto-29-de-2026.jpg?fit=1200%2C675&ssl=1&resize=350%2C200","width":350,"height":200,"srcset":"https:\/\/i0.wp.com\/reformacolombia.org\/wp-content\/uploads\/2026\/08\/Point-Leccion-9-Agosto-29-de-2026.jpg?fit=1200%2C675&ssl=1&resize=350%2C200 1x, https:\/\/i0.wp.com\/reformacolombia.org\/wp-content\/uploads\/2026\/08\/Point-Leccion-9-Agosto-29-de-2026.jpg?fit=1200%2C675&ssl=1&resize=525%2C300 1.5x, https:\/\/i0.wp.com\/reformacolombia.org\/wp-content\/uploads\/2026\/08\/Point-Leccion-9-Agosto-29-de-2026.jpg?fit=1200%2C675&ssl=1&resize=700%2C400 2x, https:\/\/i0.wp.com\/reformacolombia.org\/wp-content\/uploads\/2026\/08\/Point-Leccion-9-Agosto-29-de-2026.jpg?fit=1200%2C675&ssl=1&resize=1050%2C600 3x"},"classes":[]},{"id":3298,"url":"https:\/\/reformacolombia.org\/es\/el-arrepentimiento\/","url_meta":{"origin":2361,"position":4},"title":"El Arrepentimiento","author":"administraci\u00f3n","date":"17\/07\/2026","format":false,"excerpt":"Material de apoyo para Maestros de Escuela Sab\u00e1tica. (Power Point) VERSO DE MEMORIA: \u00abAs\u00ed que, arrepent\u00edos y convert\u00edos, para que sean borrados vuestros pecados; para que vengan de la presencia del Se\u00f1or tiempos de refrigerador\u00bb (Hechos 3:19). \u00ab. . . Dios no desechar\u00e1 a los que fueron arrastrados al pecado,\u2026","rel":"","context":"En \u00abEscuela Sab\u00e1tica\u00bb","block_context":{"text":"Escuela Sab\u00e1tica","link":"https:\/\/reformacolombia.org\/es\/category\/escuela-sabatica\/"},"img":{"alt_text":"","src":"https:\/\/i0.wp.com\/reformacolombia.org\/wp-content\/uploads\/2026\/07\/Power-Point-Leccion-3-Julio-18-de-2026.jpg?fit=1200%2C675&ssl=1&resize=350%2C200","width":350,"height":200,"srcset":"https:\/\/i0.wp.com\/reformacolombia.org\/wp-content\/uploads\/2026\/07\/Power-Point-Leccion-3-Julio-18-de-2026.jpg?fit=1200%2C675&ssl=1&resize=350%2C200 1x, https:\/\/i0.wp.com\/reformacolombia.org\/wp-content\/uploads\/2026\/07\/Power-Point-Leccion-3-Julio-18-de-2026.jpg?fit=1200%2C675&ssl=1&resize=525%2C300 1.5x, https:\/\/i0.wp.com\/reformacolombia.org\/wp-content\/uploads\/2026\/07\/Power-Point-Leccion-3-Julio-18-de-2026.jpg?fit=1200%2C675&ssl=1&resize=700%2C400 2x, https:\/\/i0.wp.com\/reformacolombia.org\/wp-content\/uploads\/2026\/07\/Power-Point-Leccion-3-Julio-18-de-2026.jpg?fit=1200%2C675&ssl=1&resize=1050%2C600 3x"},"classes":[]},{"id":3287,"url":"https:\/\/reformacolombia.org\/es\/el-amor-de-dios-por-el-hombre\/","url_meta":{"origin":2361,"position":5},"title":"El amor de Dios por el hombre","author":"administraci\u00f3n","date":"03\/07\/2026","format":false,"excerpt":"Material de apoyo para Maestros de Escuela Sab\u00e1tica. (Power Point) VERSO DE MEMORIA: \u00abMirad cu\u00e1l amor nos ha dado el Padre, para que seamos llamados hijos de Dios; por esto el mundo no nos conoce, porque no le conoci\u00f3 a \u00c9l\u00bb (1 Juan 3:1). \u00abDios es amor. Como los rayos\u2026","rel":"","context":"En \u00abEscuela Sab\u00e1tica\u00bb","block_context":{"text":"Escuela Sab\u00e1tica","link":"https:\/\/reformacolombia.org\/es\/category\/escuela-sabatica\/"},"img":{"alt_text":"","src":"https:\/\/i0.wp.com\/reformacolombia.org\/wp-content\/uploads\/2026\/07\/Power-Point-Leccion-1-Julio-4-de-2026.jpg?fit=1200%2C675&ssl=1&resize=350%2C200","width":350,"height":200,"srcset":"https:\/\/i0.wp.com\/reformacolombia.org\/wp-content\/uploads\/2026\/07\/Power-Point-Leccion-1-Julio-4-de-2026.jpg?fit=1200%2C675&ssl=1&resize=350%2C200 1x, https:\/\/i0.wp.com\/reformacolombia.org\/wp-content\/uploads\/2026\/07\/Power-Point-Leccion-1-Julio-4-de-2026.jpg?fit=1200%2C675&ssl=1&resize=525%2C300 1.5x, https:\/\/i0.wp.com\/reformacolombia.org\/wp-content\/uploads\/2026\/07\/Power-Point-Leccion-1-Julio-4-de-2026.jpg?fit=1200%2C675&ssl=1&resize=700%2C400 2x, https:\/\/i0.wp.com\/reformacolombia.org\/wp-content\/uploads\/2026\/07\/Power-Point-Leccion-1-Julio-4-de-2026.jpg?fit=1200%2C675&ssl=1&resize=1050%2C600 3x"},"classes":[]}],"jetpack_featured_media_url":"https:\/\/i0.wp.com\/reformacolombia.org\/wp-content\/uploads\/2025\/04\/Camino-a-Cristo.jpg?fit=1920%2C1080&ssl=1","_links":{"self":[{"href":"https:\/\/reformacolombia.org\/es\/wp-json\/wp\/v2\/posts\/2361","targetHints":{"allow":["GET"]}}],"collection":[{"href":"https:\/\/reformacolombia.org\/es\/wp-json\/wp\/v2\/posts"}],"about":[{"href":"https:\/\/reformacolombia.org\/es\/wp-json\/wp\/v2\/types\/post"}],"author":[{"embeddable":true,"href":"https:\/\/reformacolombia.org\/es\/wp-json\/wp\/v2\/users\/1"}],"replies":[{"embeddable":true,"href":"https:\/\/reformacolombia.org\/es\/wp-json\/wp\/v2\/comments?post=2361"}],"version-history":[{"count":5,"href":"https:\/\/reformacolombia.org\/es\/wp-json\/wp\/v2\/posts\/2361\/revisions"}],"predecessor-version":[{"id":2657,"href":"https:\/\/reformacolombia.org\/es\/wp-json\/wp\/v2\/posts\/2361\/revisions\/2657"}],"wp:featuredmedia":[{"embeddable":true,"href":"https:\/\/reformacolombia.org\/es\/wp-json\/wp\/v2\/media\/2379"}],"wp:attachment":[{"href":"https:\/\/reformacolombia.org\/es\/wp-json\/wp\/v2\/media?parent=2361"}],"wp:term":[{"taxonomy":"category","embeddable":true,"href":"https:\/\/reformacolombia.org\/es\/wp-json\/wp\/v2\/categories?post=2361"},{"taxonomy":"post_tag","embeddable":true,"href":"https:\/\/reformacolombia.org\/es\/wp-json\/wp\/v2\/tags?post=2361"}],"curies":[{"name":"wp","href":"https:\/\/api.w.org\/{rel}","templated":true}]}}